{"id":716,"date":"2023-02-09T16:55:40","date_gmt":"2023-02-09T00:00:14","guid":{"rendered":"http:\/\/www.shalombait.org.ar\/shalom-bait-2\/"},"modified":"2023-02-14T16:21:05","modified_gmt":"2023-02-14T16:21:05","slug":"shalom-bait-2","status":"publish","type":"post","link":"https:\/\/www.shalombait.org.ar\/en\/shalom-bait-2\/","title":{"rendered":"Shalom Bait Copy"},"content":{"rendered":"","protected":false},"excerpt":{"rendered":"","protected":false},"author":1,"featured_media":0,"comment_status":"closed","ping_status":"closed","sticky":false,"template":"","format":"standard","meta":[],"categories":[],"tags":[],"class_list":["post-716","post","type-post","status-publish","hentry"],"yoast_head":"<!-- This site is optimized with the Yoast SEO plugin v20.2.1 - https:\/\/yoast.com\/wordpress\/plugins\/seo\/ -->\n<title>Shalom Bait Copy - Shalom Bait<\/title>\n<meta name=\"description\" content=\"Asociaci\u00f3n Civil - Prevenci\u00f3n - Asistencia psicol\u00f3gica y patrocinio jur\u00eddico a V\u00edctimas de Violencia de G\u00e9nero. Atenci\u00f3n gratuita.\" \/>\n<meta name=\"robots\" content=\"index, follow, max-snippet:-1, max-image-preview:large, max-video-preview:-1\" \/>\n<link rel=\"canonical\" href=\"https:\/\/www.shalombait.org.ar\/en\/shalom-bait-2\/\" \/>\n<meta property=\"og:locale\" content=\"en_US\" \/>\n<meta property=\"og:type\" content=\"article\" \/>\n<meta property=\"og:title\" content=\"[:en]Shalom Bait Copy[:es]Shalom Bait-2[:]\" \/>\n<meta property=\"og:description\" content=\"Asociaci\u00f3n Civil - Prevenci\u00f3n - Asistencia psicol\u00f3gica y patrocinio jur\u00eddico a V\u00edctimas de Violencia de G\u00e9nero. Atenci\u00f3n gratuita.\" \/>\n<meta property=\"og:url\" content=\"https:\/\/www.shalombait.org.ar\/en\/shalom-bait-2\/\" \/>\n<meta property=\"og:site_name\" content=\"Shalom Bait\" \/>\n<meta property=\"article:published_time\" content=\"2023-02-09T00:00:14+00:00\" \/>\n<meta property=\"article:modified_time\" content=\"2023-02-14T16:21:05+00:00\" \/>\n<meta name=\"author\" content=\"Shalom Bait\" \/>\n<meta name=\"twitter:card\" content=\"summary_large_image\" \/>\n<meta name=\"twitter:label1\" content=\"Written by\" \/>\n\t<meta name=\"twitter:data1\" content=\"Shalom Bait\" \/>\n<script type=\"application\/ld+json\" class=\"yoast-schema-graph\">{\"@context\":\"https:\/\/schema.org\",\"@graph\":[{\"@type\":\"Article\",\"@id\":\"https:\/\/www.shalombait.org.ar\/en\/shalom-bait-2\/#article\",\"isPartOf\":{\"@id\":\"https:\/\/www.shalombait.org.ar\/en\/shalom-bait-2\/\"},\"author\":{\"name\":\"Shalom Bait\",\"@id\":\"https:\/\/www.shalombait.org.ar\/#\/schema\/person\/e785b3f08c7f406954488962e1ffae22\"},\"headline\":\"Shalom Bait Copy\",\"datePublished\":\"2023-02-09T00:00:14+00:00\",\"dateModified\":\"2023-02-14T16:21:05+00:00\",\"mainEntityOfPage\":{\"@id\":\"https:\/\/www.shalombait.org.ar\/en\/shalom-bait-2\/\"},\"wordCount\":7,\"publisher\":{\"@id\":\"https:\/\/www.shalombait.org.ar\/#organization\"},\"inLanguage\":\"en-US\"},{\"@type\":\"WebPage\",\"@id\":\"https:\/\/www.shalombait.org.ar\/en\/shalom-bait-2\/\",\"url\":\"https:\/\/www.shalombait.org.ar\/en\/shalom-bait-2\/\",\"name\":\"[:en]Shalom Bait Copy[:es]Shalom Bait-2[:] - Shalom Bait\",\"isPartOf\":{\"@id\":\"https:\/\/www.shalombait.org.ar\/#website\"},\"datePublished\":\"2023-02-09T00:00:14+00:00\",\"dateModified\":\"2023-02-14T16:21:05+00:00\",\"description\":\"Asociaci\u00f3n Civil - Prevenci\u00f3n - Asistencia psicol\u00f3gica y patrocinio jur\u00eddico a V\u00edctimas de Violencia de G\u00e9nero. Atenci\u00f3n gratuita.\",\"breadcrumb\":{\"@id\":\"https:\/\/www.shalombait.org.ar\/en\/shalom-bait-2\/#breadcrumb\"},\"inLanguage\":\"en-US\",\"potentialAction\":[{\"@type\":\"ReadAction\",\"target\":[\"https:\/\/www.shalombait.org.ar\/en\/shalom-bait-2\/\"]}]},{\"@type\":\"BreadcrumbList\",\"@id\":\"https:\/\/www.shalombait.org.ar\/en\/shalom-bait-2\/#breadcrumb\",\"itemListElement\":[{\"@type\":\"ListItem\",\"position\":1,\"name\":\"Portada\",\"item\":\"https:\/\/www.shalombait.org.ar\/\"},{\"@type\":\"ListItem\",\"position\":2,\"name\":\"Shalom Bait Copy\"}]},{\"@type\":\"WebSite\",\"@id\":\"https:\/\/www.shalombait.org.ar\/#website\",\"url\":\"https:\/\/www.shalombait.org.ar\/\",\"name\":\"Shalom Bait\",\"description\":\"Defendemos el derecho a vivir en un hogar sin violencia\",\"publisher\":{\"@id\":\"https:\/\/www.shalombait.org.ar\/#organization\"},\"potentialAction\":[{\"@type\":\"SearchAction\",\"target\":{\"@type\":\"EntryPoint\",\"urlTemplate\":\"https:\/\/www.shalombait.org.ar\/?s={search_term_string}\"},\"query-input\":\"required name=search_term_string\"}],\"inLanguage\":\"en-US\"},{\"@type\":\"Organization\",\"@id\":\"https:\/\/www.shalombait.org.ar\/#organization\",\"name\":\"Shalom Bait\",\"url\":\"https:\/\/www.shalombait.org.ar\/\",\"logo\":{\"@type\":\"ImageObject\",\"inLanguage\":\"en-US\",\"@id\":\"https:\/\/www.shalombait.org.ar\/#\/schema\/logo\/image\/\",\"url\":\"https:\/\/www.shalombait.org.ar\/wp-content\/uploads\/2018\/11\/Logo-header.png\",\"contentUrl\":\"https:\/\/www.shalombait.org.ar\/wp-content\/uploads\/2018\/11\/Logo-header.png\",\"width\":778,\"height\":143,\"caption\":\"Shalom Bait\"},\"image\":{\"@id\":\"https:\/\/www.shalombait.org.ar\/#\/schema\/logo\/image\/\"}},{\"@type\":\"Person\",\"@id\":\"https:\/\/www.shalombait.org.ar\/#\/schema\/person\/e785b3f08c7f406954488962e1ffae22\",\"name\":\"Shalom Bait\",\"image\":{\"@type\":\"ImageObject\",\"inLanguage\":\"en-US\",\"@id\":\"https:\/\/www.shalombait.org.ar\/#\/schema\/person\/image\/\",\"url\":\"https:\/\/secure.gravatar.com\/avatar\/cbdc80c48240172f3dabce38c0c8bf7b?s=96&d=mm&r=g\",\"contentUrl\":\"https:\/\/secure.gravatar.com\/avatar\/cbdc80c48240172f3dabce38c0c8bf7b?s=96&d=mm&r=g\",\"caption\":\"Shalom Bait\"}}]}<\/script>\n<!-- \/ Yoast SEO plugin. -->","yoast_head_json":{"title":"[:en]Shalom Bait Copy[:es]Shalom Bait-2[:] - Shalom Bait","description":"Asociaci\u00f3n Civil - Prevenci\u00f3n - Asistencia psicol\u00f3gica y patrocinio jur\u00eddico a V\u00edctimas de Violencia de G\u00e9nero. Atenci\u00f3n gratuita.","robots":{"index":"index","follow":"follow","max-snippet":"max-snippet:-1","max-image-preview":"max-image-preview:large","max-video-preview":"max-video-preview:-1"},"canonical":"https:\/\/www.shalombait.org.ar\/en\/shalom-bait-2\/","og_locale":"en_US","og_type":"article","og_title":"[:en]Shalom Bait Copy[:es]Shalom Bait-2[:]","og_description":"Asociaci\u00f3n Civil - Prevenci\u00f3n - Asistencia psicol\u00f3gica y patrocinio jur\u00eddico a V\u00edctimas de Violencia de G\u00e9nero. Atenci\u00f3n gratuita.","og_url":"https:\/\/www.shalombait.org.ar\/en\/shalom-bait-2\/","og_site_name":"Shalom Bait","article_published_time":"2023-02-09T00:00:14+00:00","article_modified_time":"2023-02-14T16:21:05+00:00","author":"Shalom Bait","twitter_card":"summary_large_image","twitter_misc":{"Written by":"Shalom Bait"},"schema":{"@context":"https:\/\/schema.org","@graph":[{"@type":"Article","@id":"https:\/\/www.shalombait.org.ar\/en\/shalom-bait-2\/#article","isPartOf":{"@id":"https:\/\/www.shalombait.org.ar\/en\/shalom-bait-2\/"},"author":{"name":"Shalom Bait","@id":"https:\/\/www.shalombait.org.ar\/#\/schema\/person\/e785b3f08c7f406954488962e1ffae22"},"headline":"Shalom Bait Copy","datePublished":"2023-02-09T00:00:14+00:00","dateModified":"2023-02-14T16:21:05+00:00","mainEntityOfPage":{"@id":"https:\/\/www.shalombait.org.ar\/en\/shalom-bait-2\/"},"wordCount":7,"publisher":{"@id":"https:\/\/www.shalombait.org.ar\/#organization"},"inLanguage":"en-US"},{"@type":"WebPage","@id":"https:\/\/www.shalombait.org.ar\/en\/shalom-bait-2\/","url":"https:\/\/www.shalombait.org.ar\/en\/shalom-bait-2\/","name":"[:en]Shalom Bait Copy[:es]Shalom Bait-2[:] - Shalom Bait","isPartOf":{"@id":"https:\/\/www.shalombait.org.ar\/#website"},"datePublished":"2023-02-09T00:00:14+00:00","dateModified":"2023-02-14T16:21:05+00:00","description":"Asociaci\u00f3n Civil - Prevenci\u00f3n - Asistencia psicol\u00f3gica y patrocinio jur\u00eddico a V\u00edctimas de Violencia de G\u00e9nero. Atenci\u00f3n gratuita.","breadcrumb":{"@id":"https:\/\/www.shalombait.org.ar\/en\/shalom-bait-2\/#breadcrumb"},"inLanguage":"en-US","potentialAction":[{"@type":"ReadAction","target":["https:\/\/www.shalombait.org.ar\/en\/shalom-bait-2\/"]}]},{"@type":"BreadcrumbList","@id":"https:\/\/www.shalombait.org.ar\/en\/shalom-bait-2\/#breadcrumb","itemListElement":[{"@type":"ListItem","position":1,"name":"Portada","item":"https:\/\/www.shalombait.org.ar\/"},{"@type":"ListItem","position":2,"name":"Shalom Bait Copy"}]},{"@type":"WebSite","@id":"https:\/\/www.shalombait.org.ar\/#website","url":"https:\/\/www.shalombait.org.ar\/","name":"Shalom Bait","description":"Defendemos el derecho a vivir en un hogar sin violencia","publisher":{"@id":"https:\/\/www.shalombait.org.ar\/#organization"},"potentialAction":[{"@type":"SearchAction","target":{"@type":"EntryPoint","urlTemplate":"https:\/\/www.shalombait.org.ar\/?s={search_term_string}"},"query-input":"required name=search_term_string"}],"inLanguage":"en-US"},{"@type":"Organization","@id":"https:\/\/www.shalombait.org.ar\/#organization","name":"Shalom Bait","url":"https:\/\/www.shalombait.org.ar\/","logo":{"@type":"ImageObject","inLanguage":"en-US","@id":"https:\/\/www.shalombait.org.ar\/#\/schema\/logo\/image\/","url":"https:\/\/www.shalombait.org.ar\/wp-content\/uploads\/2018\/11\/Logo-header.png","contentUrl":"https:\/\/www.shalombait.org.ar\/wp-content\/uploads\/2018\/11\/Logo-header.png","width":778,"height":143,"caption":"Shalom Bait"},"image":{"@id":"https:\/\/www.shalombait.org.ar\/#\/schema\/logo\/image\/"}},{"@type":"Person","@id":"https:\/\/www.shalombait.org.ar\/#\/schema\/person\/e785b3f08c7f406954488962e1ffae22","name":"Shalom Bait","image":{"@type":"ImageObject","inLanguage":"en-US","@id":"https:\/\/www.shalombait.org.ar\/#\/schema\/person\/image\/","url":"https:\/\/secure.gravatar.com\/avatar\/cbdc80c48240172f3dabce38c0c8bf7b?s=96&d=mm&r=g","contentUrl":"https:\/\/secure.gravatar.com\/avatar\/cbdc80c48240172f3dabce38c0c8bf7b?s=96&d=mm&r=g","caption":"Shalom Bait"}}]}},"grid":"{\r\n  \"colCount\": 30,\r\n  \"colGutter\": 0,\r\n  \"rowGutters\": [\r\n    5,\r\n    0,\r\n    5,\r\n    5,\r\n    5,\r\n    5,\r\n    5,\r\n    5\r\n  ],\r\n  \"frameMargin\": 0,\r\n  \"topFrameMargin\": 70,\r\n  \"bottomFrameMargin\": 0,\r\n  \"rowAttrs\": [\r\n    {\r\n      \"bgcolor\": \"#ffffff\"\r\n    },\r\n    {\r\n      \"bgcolor\": \"#252525\",\r\n      \"classes\": \"bloques_row\"\r\n    },\r\n    {\r\n      \"bgcolor\": \"#252525\"\r\n    },\r\n    {},\r\n    {},\r\n    {\r\n      \"bgcolor\": \"#75328b\"\r\n    },\r\n    {},\r\n    {},\r\n    {\r\n      \"bgcolor\": \"#75328b\"\r\n    }\r\n  ],\r\n  \"bgColor\": null,\r\n  \"cont\": [\r\n    {\r\n      \"type\": \"text\",\r\n      \"cont\": \"<h1 class=\\\"_Titulo_Seccion\\\">There are ways out of gender violence<\/h1>\",\r\n      \"align\": \"middle\",\r\n      \"row\": 0,\r\n      \"col\": 6,\r\n      \"colspan\": 18,\r\n      \"offsetx\": 0,\r\n      \"offsety\": 0,\r\n      \"spaceabove\": 10,\r\n      \"spacebelow\": 10,\r\n      \"yvel\": 1,\r\n      \"push\": 6,\r\n      \"relid\": 4,\r\n      \"frameOverflow\": \"\",\r\n      \"dosync\": false\r\n    },\r\n    {\r\n      \"type\": \"text\",\r\n      \"cont\": \"<h1 class=\\\"_Titulo_Bloque\\\" style=\\\"text-align: right;\\\">Our Mission<\/h1>\",\r\n      \"align\": \"top\",\r\n      \"row\": 1,\r\n      \"col\": 2,\r\n      \"colspan\": 12,\r\n      \"offsetx\": 0,\r\n      \"offsety\": 0,\r\n      \"spaceabove\": 0,\r\n      \"spacebelow\": 0,\r\n      \"yvel\": 1,\r\n      \"push\": 2,\r\n      \"relid\": 14,\r\n      \"frameOverflow\": \"\",\r\n      \"dosync\": false\r\n    },\r\n    {\r\n      \"type\": \"stack\",\r\n      \"cont\": [\r\n        {\r\n          \"type\": \"text\",\r\n          \"cont\": \"<p class=\\\"_Texto_Bloque\\\">ACCOMPANY WOMEN IN SITUATION OF GENDER-BASED VIOLENCE ON THEIR ROUTES<br \/>TOWARDS A LIFE FREE OF VIOLENCE, THROUGH A COMPREHENSIVE APPROACH -PSYCHO SOCIAL LEGAL-,<br \/>AND PROVIDE SOLUTIONS FOR THE ELIMINATION OF GENDER-BASED VIOLENCE.<\/p>\",\r\n          \"align\": \"top\",\r\n          \"row\": -1,\r\n          \"col\": 1,\r\n          \"colspan\": 12,\r\n          \"offsetx\": 0,\r\n          \"offsety\": 0,\r\n          \"spaceabove\": 0,\r\n          \"spacebelow\": 0,\r\n          \"yvel\": 1,\r\n          \"push\": 1,\r\n          \"relid\": 7\r\n        }\r\n      ],\r\n      \"align\": \"top\",\r\n      \"row\": 1,\r\n      \"col\": 15,\r\n      \"colspan\": 15,\r\n      \"offsetx\": 0,\r\n      \"offsety\": 0,\r\n      \"spaceabove\": 0,\r\n      \"spacebelow\": 0,\r\n      \"yvel\": 1,\r\n      \"push\": 1,\r\n      \"relid\": 6,\r\n      \"classes\": \"bloque_violeta\",\r\n      \"frameOverflow\": \"\"\r\n    },\r\n    {\r\n      \"type\": \"stack\",\r\n      \"cont\": [\r\n        {\r\n          \"type\": \"text\",\r\n          \"cont\": \"<p class=\\\"_Texto_Bloque\\\" style=\\\"text-align: right;\\\">We believe in a world without gender-based violence in which all women, LGBTIQ+ people and children are free and fully enjoy their rights.<\/p><p class=\\\"_Texto_Bloque\\\" style=\\\"text-align: right;\\\">\u00a0<\/p><p class=\\\"_Texto_Bloque\\\" style=\\\"text-align: right;\\\">\u00a0<\/p>\",\r\n          \"align\": \"top\",\r\n          \"row\": -1,\r\n          \"col\": 2,\r\n          \"colspan\": 12,\r\n          \"offsetx\": 0,\r\n          \"offsety\": 0,\r\n          \"spaceabove\": 0,\r\n          \"spacebelow\": 0,\r\n          \"yvel\": 1,\r\n          \"push\": 2,\r\n          \"relid\": 10\r\n        }\r\n      ],\r\n      \"align\": \"top\",\r\n      \"row\": 2,\r\n      \"col\": 0,\r\n      \"colspan\": 15,\r\n      \"offsetx\": 0,\r\n      \"offsety\": 0,\r\n      \"spaceabove\": 0,\r\n      \"spacebelow\": 0,\r\n      \"yvel\": 1,\r\n      \"push\": 0,\r\n      \"relid\": 5,\r\n      \"frameOverflow\": \"\",\r\n      \"classes\": \"bloque_violeta\"\r\n    },\r\n    {\r\n      \"type\": \"text\",\r\n      \"cont\": \"<h1 class=\\\"_Titulo_Bloque\\\" style=\\\"text-align: left;\\\">Our Vision<\/h1>\",\r\n      \"align\": \"top\",\r\n      \"row\": 2,\r\n      \"col\": 16,\r\n      \"colspan\": 12,\r\n      \"offsetx\": 0,\r\n      \"offsety\": 0,\r\n      \"spaceabove\": 0,\r\n      \"spacebelow\": 0,\r\n      \"yvel\": 1,\r\n      \"push\": 1,\r\n      \"relid\": 11,\r\n      \"dosync\": false\r\n    },\r\n    {\r\n      \"type\": \"text\",\r\n      \"cont\": \"<h1 class=\\\"_Sub_Titulo\\\">What we do<\/h1>\",\r\n      \"align\": \"bottom\",\r\n      \"row\": 3,\r\n      \"col\": 2,\r\n      \"colspan\": 26,\r\n      \"offsetx\": 0,\r\n      \"offsety\": 0,\r\n      \"spaceabove\": 0,\r\n      \"spacebelow\": 0,\r\n      \"yvel\": 1,\r\n      \"push\": 2,\r\n      \"relid\": 8,\r\n      \"frameOverflow\": \"\",\r\n      \"dosync\": false\r\n    },\r\n    {\r\n      \"type\": \"text\",\r\n      \"cont\": \"<p class=\\\"_Texto\\\"><strong>Comprehensive Assistance<\/strong><\/p><p>\u00a0<\/p><p class=\\\"_Texto\\\">We conceive gender-based violence as an issue that affects women in every aspect of their lives, and therefore it must be approached taking this level of complexity into consideration. We carry out comprehensive work focusing on the strengthening and protection of the victims, providing support, orientation, group assistance, and legal counsel and representation. We assist women who are gender-based violence victims, women who survived child abuse, and mothers who suspect their daughters or sons have been victims of sexual abuse.<\/p><p>\u00a0<\/p><p><span style=\\\"text-decoration: underline; color: #993366;\\\">+ Info<\/span><\/p>\",\r\n      \"align\": \"top\",\r\n      \"row\": 4,\r\n      \"col\": 2,\r\n      \"colspan\": 7,\r\n      \"offsetx\": 0,\r\n      \"offsety\": 0,\r\n      \"spaceabove\": 0,\r\n      \"spacebelow\": 0,\r\n      \"yvel\": 1,\r\n      \"push\": 2,\r\n      \"relid\": 9\r\n    },\r\n    {\r\n      \"type\": \"text\",\r\n      \"cont\": \"<p class=\\\"_Texto\\\"><span style=\\\"font-family: 'Untitled Sans Medium';\\\">Trainning<\/span><br \/><br \/><\/p><p class=\\\"_Texto\\\">We are deeply committed to developing best practices in the approach of gender-based abuse and violence against children and adolescents.<\/p><p class=\\\"_Texto\\\">We develop multiple training activities, courses, conferences and seminars. In addition, we take part as speakers in both national and international congresses and as guest lecturers in courses and graduate classes related to this issue.<\/p><p class=\\\"_Texto\\\"><br \/><a href=\\\"https:\/\/www.shalombait.org.ar\/capacitacion\/\\\" data-type=\\\"page\\\" data-id=\\\"154\\\" data-title=\\\"Capacitaci\u00f3n\\\"><span style=\\\"text-decoration: underline;\\\"><span style=\\\"color: #743589; text-decoration: underline;\\\">+ Info<\/span><\/span><\/a><\/p>\",\r\n      \"align\": \"top\",\r\n      \"row\": 4,\r\n      \"col\": 11,\r\n      \"colspan\": 8,\r\n      \"offsetx\": 0,\r\n      \"offsety\": 0,\r\n      \"spaceabove\": 0,\r\n      \"spacebelow\": 0,\r\n      \"yvel\": 1,\r\n      \"push\": 2,\r\n      \"relid\": 12,\r\n      \"frameOverflow\": \"\"\r\n    },\r\n    {\r\n      \"type\": \"text\",\r\n      \"cont\": \"<p class=\\\"_Texto\\\"><strong>Prevention<\/strong><\/p><p>\u00a0<\/p><p class=\\\"_Texto\\\">We believe that training sensitivity, raising awareness, and socializing information provides the victims with tools and resources to take the first steps towards solving the problem, and also contributes to the process of transforming society as a whole.<\/p><p class=\\\"_Texto\\\">We run prevention workshops and distribute graphic campaigns and publications in print and digital format.<\/p><p>\u00a0<\/p><p><span style=\\\"text-decoration: underline;\\\"><span style=\\\"color: #743589; text-decoration: underline;\\\">+Info<\/span><\/span><\/p>\",\r\n      \"align\": \"top\",\r\n      \"row\": 4,\r\n      \"col\": 21,\r\n      \"colspan\": 7,\r\n      \"offsetx\": 0,\r\n      \"offsety\": 0,\r\n      \"spaceabove\": 0,\r\n      \"spacebelow\": 0,\r\n      \"yvel\": 1,\r\n      \"push\": 2,\r\n      \"relid\": 17\r\n    },\r\n    {\r\n      \"type\": \"text\",\r\n      \"cont\": \"<h1 class=\\\"_Numeros\\\" style=\\\"line-height: 0.6;\\\"><span style=\\\"font-family: 'Untitled Sans Bold'; color: #cec445;\\\">more<\/span><\/h1><h1 class=\\\"_Numeros\\\" style=\\\"line-height: 0.6;\\\"><span style=\\\"font-family: 'Untitled Sans Bold'; color: #cec445;\\\"> than <\/span><\/h1><h1 class=\\\"_Numeros\\\" style=\\\"line-height: 0.6;\\\"><span style=\\\"font-family: 'Untitled Sans Bold'; color: #cec445;\\\">3.000<\/span><\/h1><p class=\\\"_Texto\\\" style=\\\"line-height: 1.2;\\\"><span style=\\\"color: #ffffff; font-size: 20px;\\\">WOMEN found the support necessary to change their lives.<\/span><\/p>\",\r\n      \"align\": \"top\",\r\n      \"row\": 5,\r\n      \"col\": 3,\r\n      \"colspan\": 4,\r\n      \"offsetx\": 0,\r\n      \"offsety\": 0,\r\n      \"spaceabove\": 5,\r\n      \"spacebelow\": 10,\r\n      \"yvel\": 1,\r\n      \"push\": 3,\r\n      \"relid\": 18\r\n    },\r\n    {\r\n      \"type\": \"text\",\r\n      \"cont\": \"<h1 class=\\\"_Numeros\\\" style=\\\"line-height: 0.6;\\\"><span style=\\\"font-family: 'Untitled Sans Bold'; color: #cec445;\\\">more <\/span><\/h1><h1 class=\\\"_Numeros\\\" style=\\\"line-height: 0.6;\\\"><span style=\\\"font-family: 'Untitled Sans Bold'; color: #cec445;\\\">than <\/span><\/h1><h1 class=\\\"_Numeros\\\" style=\\\"line-height: 0.6;\\\"><span style=\\\"font-family: 'Untitled Sans Bold'; color: #cec445;\\\">2.500<\/span><\/h1><p class=\\\"_Texto\\\" style=\\\"line-height: 1.2;\\\"><span style=\\\"color: #ffffff; font-size: 20px;\\\">Professionals attended our training programs.<\/span><\/p>\",\r\n      \"align\": \"top\",\r\n      \"row\": 5,\r\n      \"col\": 8,\r\n      \"colspan\": 4,\r\n      \"offsetx\": 0,\r\n      \"offsety\": 10,\r\n      \"spaceabove\": 0,\r\n      \"spacebelow\": 10,\r\n      \"yvel\": 1,\r\n      \"push\": 1,\r\n      \"relid\": 19\r\n    },\r\n    {\r\n      \"type\": \"text\",\r\n      \"cont\": \"<h1 class=\\\"_Numeros\\\" style=\\\"line-height: 0.6;\\\"><span style=\\\"font-family: 'Untitled Sans Bold'; color: #cec445;\\\">6<\/span><\/h1><p class=\\\"_Texto\\\" style=\\\"line-height: 1.2;\\\"><span style=\\\"color: #ffffff; font-size: 20px;\\\">Groups of Women assemble every week.<\/span><\/p><p>\u00a0<\/p><p>\u00a0<\/p><p>\u00a0<\/p>\",\r\n      \"align\": \"middle\",\r\n      \"row\": 5,\r\n      \"col\": 13,\r\n      \"colspan\": 4,\r\n      \"offsetx\": 0,\r\n      \"offsety\": 0,\r\n      \"spaceabove\": 5,\r\n      \"spacebelow\": 10,\r\n      \"yvel\": 1,\r\n      \"push\": 1,\r\n      \"relid\": 21\r\n    },\r\n    {\r\n      \"type\": \"text\",\r\n      \"cont\": \"<h1 class=\\\"_Numeros\\\" style=\\\"line-height: 0.6;\\\"><span style=\\\"font-family: 'Untitled Sans Bold'; color: #cec445;\\\">150<\/span><\/h1><p class=\\\"_Texto\\\" style=\\\"line-height: 1.2;\\\"><span style=\\\"color: #ffffff; font-size: 20px;\\\">Women attended the groups this year.<\/span><\/p>\",\r\n      \"align\": \"top\",\r\n      \"row\": 5,\r\n      \"col\": 18,\r\n      \"colspan\": 4,\r\n      \"offsetx\": 0,\r\n      \"offsety\": 10,\r\n      \"spaceabove\": 0,\r\n      \"spacebelow\": 10,\r\n      \"yvel\": 1,\r\n      \"push\": 1,\r\n      \"relid\": 20\r\n    },\r\n    {\r\n      \"type\": \"text\",\r\n      \"cont\": \"<h1 class=\\\"_Numeros\\\" style=\\\"line-height: 0.6;\\\"><span style=\\\"font-family: 'Untitled Sans Bold'; color: #cec445;\\\">275<\/span><\/h1><p class=\\\"_Texto\\\" style=\\\"line-height: 1.2;\\\"><span style=\\\"color: #ffffff; font-size: 20px;\\\">Women received legal counsel this year.<\/span><\/p><p>\u00a0<\/p>\",\r\n      \"align\": \"middle\",\r\n      \"row\": 5,\r\n      \"col\": 23,\r\n      \"colspan\": 4,\r\n      \"offsetx\": 0,\r\n      \"offsety\": 0,\r\n      \"spaceabove\": 5,\r\n      \"spacebelow\": 10,\r\n      \"yvel\": 1,\r\n      \"push\": 1,\r\n      \"relid\": 22\r\n    },\r\n    {\r\n      \"type\": \"text\",\r\n      \"cont\": \"\",\r\n      \"align\": \"bottom\",\r\n      \"row\": 6,\r\n      \"col\": 11,\r\n      \"colspan\": 8,\r\n      \"offsetx\": 0,\r\n      \"offsety\": 0,\r\n      \"spaceabove\": 0,\r\n      \"spacebelow\": 0,\r\n      \"yvel\": 1,\r\n      \"push\": 11,\r\n      \"relid\": 26,\r\n      \"dosync\": false\r\n    },\r\n    {\r\n      \"type\": \"postThumbnail\",\r\n      \"cont\": \"https:\/\/www.shalombait.org.ar\/wp-content\/uploads\/2022\/08\/blog4.png\",\r\n      \"align\": \"top\",\r\n      \"row\": 7,\r\n      \"col\": 2,\r\n      \"colspan\": 8,\r\n      \"offsetx\": 0,\r\n      \"offsety\": 0,\r\n      \"spaceabove\": 0,\r\n      \"spacebelow\": 0,\r\n      \"yvel\": 1,\r\n      \"push\": 2,\r\n      \"relid\": 25,\r\n      \"title\": \"Reconnection of parents with children in contexts of gender violence\",\r\n      \"postid\": 704,\r\n      \"descr\": \"<p>August 9th, 2022<\/p>\\n<p>Actualidad<\/p>\\n\",\r\n      \"link\": \"https:\/\/www.shalombait.org.ar\/revinculacion-de-padres-con-hijes-en-contextos-de-violencia-de-genero\/\",\r\n      \"attid\": 705,\r\n      \"ar\": 0.666,\r\n      \"sizes\": {\r\n        \"full\": \"https:\/\/www.shalombait.org.ar\/wp-content\/uploads\/2022\/08\/blog4.png\",\r\n        \"_768\": \"https:\/\/www.shalombait.org.ar\/wp-content\/uploads\/2022\/08\/blog4-768x511.png\",\r\n        \"_512\": \"https:\/\/www.shalombait.org.ar\/wp-content\/uploads\/2022\/08\/blog4-512x341.png\",\r\n        \"_265\": \"https:\/\/www.shalombait.org.ar\/wp-content\/uploads\/2022\/08\/blog4-265x176.png\"\r\n      },\r\n      \"mo_sizes\": null,\r\n      \"mo_h\": 0,\r\n      \"mo_w\": 0,\r\n      \"video_url\": \"\",\r\n      \"video_w\": 0,\r\n      \"video_h\": 0,\r\n      \"mo_attid\": \"-1\",\r\n      \"video_attid\": \"\"\r\n    },\r\n    {\r\n      \"type\": \"postThumbnail\",\r\n      \"cont\": \"https:\/\/www.shalombait.org.ar\/wp-content\/uploads\/2022\/07\/blogmadres.png\",\r\n      \"align\": \"top\",\r\n      \"row\": 7,\r\n      \"col\": 11,\r\n      \"colspan\": 8,\r\n      \"offsetx\": 0,\r\n      \"offsety\": 0,\r\n      \"spaceabove\": 0,\r\n      \"spacebelow\": 0,\r\n      \"yvel\": 1,\r\n      \"push\": 1,\r\n      \"relid\": 23,\r\n      \"title\": \"Women victims of gender violence and protective mothers: the co-occurrence of domestic violence and sexual violence against children and adolescents\",\r\n      \"postid\": 695,\r\n      \"descr\": \"<p>July 11, 2022<\/p>\\n<p>Actualidad<\/p>\\n\",\r\n      \"link\": \"https:\/\/www.shalombait.org.ar\/women-victims-of-gender-violence-and-protective-mothers-the-co-occurrence-of-domestic-violence-and-sexual-violence-against-children-and-adolescents\/\",\r\n      \"attid\": 697,\r\n      \"ar\": 0.729636048526863,\r\n      \"sizes\": {\r\n        \"full\": \"https:\/\/www.shalombait.org.ar\/wp-content\/uploads\/2022\/07\/blogmadres.png\",\r\n        \"_1024\": \"https:\/\/www.shalombait.org.ar\/wp-content\/uploads\/2022\/07\/blogmadres-1024x747.png\",\r\n        \"_768\": \"https:\/\/www.shalombait.org.ar\/wp-content\/uploads\/2022\/07\/blogmadres-768x560.png\",\r\n        \"_512\": \"https:\/\/www.shalombait.org.ar\/wp-content\/uploads\/2022\/07\/blogmadres-512x374.png\",\r\n        \"_265\": \"https:\/\/www.shalombait.org.ar\/wp-content\/uploads\/2022\/07\/blogmadres-265x193.png\"\r\n      },\r\n      \"mo_sizes\": null,\r\n      \"mo_h\": 0,\r\n      \"mo_w\": 0,\r\n      \"video_url\": \"\",\r\n      \"video_w\": 0,\r\n      \"video_h\": 0,\r\n      \"mo_attid\": \"-1\",\r\n      \"video_attid\": \"\"\r\n    },\r\n    {\r\n      \"type\": \"postThumbnail\",\r\n      \"cont\": \"https:\/\/www.shalombait.org.ar\/wp-content\/uploads\/2021\/10\/fan.png\",\r\n      \"align\": \"top\",\r\n      \"row\": 7,\r\n      \"col\": 20,\r\n      \"colspan\": 8,\r\n      \"offsetx\": 0,\r\n      \"offsety\": 0,\r\n      \"spaceabove\": 0,\r\n      \"spacebelow\": 0,\r\n      \"yvel\": 1,\r\n      \"push\": 1,\r\n      \"relid\": 24,\r\n      \"title\": \"Fanzine Library\",\r\n      \"postid\": 652,\r\n      \"descr\": \"<p><\/p>\\n\",\r\n      \"link\": \"https:\/\/www.shalombait.org.ar\/reflection-in-all-media-2\/\",\r\n      \"attid\": 653,\r\n      \"ar\": 0.7277913610431948,\r\n      \"sizes\": {\r\n        \"full\": \"https:\/\/www.shalombait.org.ar\/wp-content\/uploads\/2021\/10\/fan.png\",\r\n        \"_1024\": \"https:\/\/www.shalombait.org.ar\/wp-content\/uploads\/2021\/10\/fan-1024x745.png\",\r\n        \"_768\": \"https:\/\/www.shalombait.org.ar\/wp-content\/uploads\/2021\/10\/fan-768x559.png\",\r\n        \"_512\": \"https:\/\/www.shalombait.org.ar\/wp-content\/uploads\/2021\/10\/fan-512x373.png\",\r\n        \"_265\": \"https:\/\/www.shalombait.org.ar\/wp-content\/uploads\/2021\/10\/fan-265x193.png\"\r\n      },\r\n      \"mo_sizes\": null,\r\n      \"mo_h\": 0,\r\n      \"mo_w\": 0,\r\n      \"video_url\": \"\",\r\n      \"video_w\": 0,\r\n      \"video_h\": 0,\r\n      \"mo_attid\": \"-1\",\r\n      \"video_attid\": \"\"\r\n    },\r\n    {\r\n      \"type\": \"text\",\r\n      \"cont\": \"<p>\u00a0<\/p><h1 class=\\\"_Titulo_Bloque\\\" style=\\\"text-align: center;\\\">Be part of the solution<\/h1><h1 class=\\\"_Unite\\\" style=\\\"text-align: center;\\\"><span style=\\\"color: #cec24f;\\\"><a style=\\\"color: #cec24f;\\\" href=\\\"https:\/\/www.shalombait.org.ar\/dona\/\\\" data-type=\\\"page\\\" data-id=\\\"163\\\" data-title=\\\"Don\u00e1\\\">JOIN SHALOM BAIT<\/a><\/span><\/h1><p>\u00a0<\/p>\",\r\n      \"align\": \"top\",\r\n      \"row\": 8,\r\n      \"col\": 2,\r\n      \"colspan\": 26,\r\n      \"offsetx\": 0,\r\n      \"offsety\": 0,\r\n      \"spaceabove\": 2,\r\n      \"spacebelow\": 6,\r\n      \"yvel\": 1,\r\n      \"push\": 2,\r\n      \"relid\": 27,\r\n      \"dosync\": false\r\n    }\r\n  ]\r\n}","phonegrid":"{\r\n  \"colCount\": 30,\r\n  \"colGutter\": 0,\r\n  \"rowGutters\": [\r\n    5,\r\n    0,\r\n    5,\r\n    5,\r\n    5,\r\n    5,\r\n    5,\r\n    5,\r\n    5,\r\n    0,\r\n    0,\r\n    5,\r\n    5,\r\n    5,\r\n    5,\r\n    5\r\n  ],\r\n  \"frameMargin\": 0,\r\n  \"topFrameMargin\": 5,\r\n  \"bottomFrameMargin\": 0,\r\n  \"rowAttrs\": [\r\n    {\r\n      \"bgcolor\": \"#ffffff\"\r\n    },\r\n    {\r\n      \"bgcolor\": \"#252525\",\r\n      \"classes\": \"bloques_row\"\r\n    },\r\n    {\r\n      \"bgcolor\": \"#252525\"\r\n    },\r\n    [],\r\n    [],\r\n    [],\r\n    [],\r\n    [],\r\n    [],\r\n    {\r\n      \"bgcolor\": \"#75328b\"\r\n    },\r\n    {\r\n      \"bgcolor\": \"#75328b\"\r\n    },\r\n    {\r\n      \"bgcolor\": \"#75328b\"\r\n    },\r\n    [],\r\n    [],\r\n    [],\r\n    [],\r\n    {\r\n      \"bgcolor\": \"#75328b\"\r\n    }\r\n  ],\r\n  \"bgColor\": null,\r\n  \"cont\": [\r\n    {\r\n      \"type\": \"text\",\r\n      \"cont\": \"<h1 class=\\\"_Titulo_Seccion\\\">There are ways out of gender violence<\/h1>\",\r\n      \"align\": \"middle\",\r\n      \"row\": 0,\r\n      \"col\": 7,\r\n      \"colspan\": 16,\r\n      \"offsetx\": 0,\r\n      \"offsety\": 0,\r\n      \"spaceabove\": 10,\r\n      \"spacebelow\": 5,\r\n      \"yvel\": 1,\r\n      \"push\": 7,\r\n      \"relid\": 4,\r\n      \"dosync\": false\r\n    },\r\n    {\r\n      \"type\": \"text\",\r\n      \"cont\": \"<h1 class=\\\"_Titulo_Bloque\\\" style=\\\"text-align: right;\\\">Our Mission<\/h1>\",\r\n      \"align\": \"top\",\r\n      \"row\": 1,\r\n      \"col\": 2,\r\n      \"colspan\": 12,\r\n      \"offsetx\": 0,\r\n      \"offsety\": 0,\r\n      \"spaceabove\": 3,\r\n      \"spacebelow\": 0,\r\n      \"yvel\": 1,\r\n      \"push\": 2,\r\n      \"relid\": 14,\r\n      \"frameOverflow\": \"\",\r\n      \"dosync\": false\r\n    },\r\n    {\r\n      \"type\": \"stack\",\r\n      \"cont\": [\r\n        {\r\n          \"type\": \"text\",\r\n          \"cont\": \"<p class=\\\"_Texto_Bloque\\\">ACCOMPANY WOMEN IN SITUATION OF GENDER-BASED VIOLENCE ON THEIR ROUTES<br \/>TOWARDS A LIFE FREE OF VIOLENCE, THROUGH A COMPREHENSIVE APPROACH -PSYCHO SOCIAL LEGAL-,<br \/>AND PROVIDE SOLUTIONS FOR THE ELIMINATION OF GENDER-BASED VIOLENCE.<\/p>\",\r\n          \"align\": \"top\",\r\n          \"row\": -1,\r\n          \"col\": 1,\r\n          \"colspan\": 12,\r\n          \"offsetx\": 0,\r\n          \"offsety\": 0,\r\n          \"spaceabove\": 3,\r\n          \"spacebelow\": 0,\r\n          \"yvel\": 1,\r\n          \"push\": 1,\r\n          \"relid\": 7\r\n        }\r\n      ],\r\n      \"align\": \"top\",\r\n      \"row\": 1,\r\n      \"col\": 15,\r\n      \"colspan\": 15,\r\n      \"offsetx\": 0,\r\n      \"offsety\": 0,\r\n      \"spaceabove\": 0,\r\n      \"spacebelow\": 0,\r\n      \"yvel\": 1,\r\n      \"push\": 1,\r\n      \"relid\": 6,\r\n      \"classes\": \"bloque_violeta\",\r\n      \"frameOverflow\": \"\"\r\n    },\r\n    {\r\n      \"type\": \"stack\",\r\n      \"cont\": [\r\n        {\r\n          \"type\": \"text\",\r\n          \"cont\": \"<p class=\\\"_Texto_Bloque\\\" style=\\\"text-align: right;\\\">We believe in a world without gender-based violence in which all women, LGBTIQ+ people and children are free and fully enjoy their rights.<\/p><p class=\\\"_Texto_Bloque\\\" style=\\\"text-align: right;\\\">\u00a0<\/p><p class=\\\"_Texto_Bloque\\\" style=\\\"text-align: right;\\\">\u00a0<\/p>\",\r\n          \"align\": \"top\",\r\n          \"row\": -1,\r\n          \"col\": 2,\r\n          \"colspan\": 12,\r\n          \"offsetx\": 0,\r\n          \"offsety\": 0,\r\n          \"spaceabove\": 3,\r\n          \"spacebelow\": 0,\r\n          \"yvel\": 1,\r\n          \"push\": 2,\r\n          \"relid\": 10\r\n        }\r\n      ],\r\n      \"align\": \"top\",\r\n      \"row\": 2,\r\n      \"col\": 0,\r\n      \"colspan\": 15,\r\n      \"offsetx\": 0,\r\n      \"offsety\": 0,\r\n      \"spaceabove\": 0,\r\n      \"spacebelow\": 0,\r\n      \"yvel\": 1,\r\n      \"push\": 0,\r\n      \"relid\": 5,\r\n      \"frameOverflow\": \"\",\r\n      \"classes\": \"bloque_violeta\"\r\n    },\r\n    {\r\n      \"type\": \"text\",\r\n      \"cont\": \"<h1 class=\\\"_Titulo_Bloque\\\" style=\\\"text-align: left;\\\">Our Vission<\/h1>\",\r\n      \"align\": \"top\",\r\n      \"row\": 2,\r\n      \"col\": 16,\r\n      \"colspan\": 12,\r\n      \"offsetx\": 0,\r\n      \"offsety\": 0,\r\n      \"spaceabove\": 3,\r\n      \"spacebelow\": 0,\r\n      \"yvel\": 1,\r\n      \"push\": 1,\r\n      \"relid\": 11,\r\n      \"dosync\": false\r\n    },\r\n    {\r\n      \"type\": \"text\",\r\n      \"cont\": \"<h1 class=\\\"_Sub_Titulo\\\">What we do<\/h1>\",\r\n      \"align\": \"bottom\",\r\n      \"row\": 3,\r\n      \"col\": 2,\r\n      \"colspan\": 26,\r\n      \"offsetx\": 0,\r\n      \"offsety\": 0,\r\n      \"spaceabove\": 0,\r\n      \"spacebelow\": 0,\r\n      \"yvel\": 1,\r\n      \"push\": 2,\r\n      \"relid\": 8,\r\n      \"frameOverflow\": \"\",\r\n      \"dosync\": false\r\n    },\r\n    {\r\n      \"type\": \"text\",\r\n      \"cont\": \"<p class=\\\"_Texto\\\"><strong>Comprehensive Assistance<\/strong><\/p><p>\u00a0<\/p><p class=\\\"_Texto\\\">We conceive gender-based violence as an issue that affects women in every aspect of their lives, and therefore it must be approached taking this level of complexity into consideration. We carry out comprehensive work focusing on the strengthening and protection of the victims, providing support, orientation, group assistance, and legal counsel and representation. We assist women who are gender-based violence victims, women who survived child abuse, and mothers who suspect their daughters or sons have been victims of sexual abuse.<\/p><p>\u00a0<\/p><p><span style=\\\"text-decoration: underline; color: #993366;\\\">+ Info<\/span><\/p>\",\r\n      \"align\": \"middle\",\r\n      \"row\": 4,\r\n      \"col\": 2,\r\n      \"colspan\": 26,\r\n      \"offsetx\": 0,\r\n      \"offsety\": 0,\r\n      \"spaceabove\": 0,\r\n      \"spacebelow\": 0,\r\n      \"yvel\": 1,\r\n      \"push\": 2,\r\n      \"relid\": 9,\r\n      \"frameOverflow\": \"\"\r\n    },\r\n    {\r\n      \"type\": \"hr\",\r\n      \"cont\": \"\",\r\n      \"align\": \"middle\",\r\n      \"row\": 5,\r\n      \"col\": 2,\r\n      \"colspan\": 26,\r\n      \"offsetx\": 0,\r\n      \"offsety\": 0,\r\n      \"spaceabove\": 0,\r\n      \"spacebelow\": 0,\r\n      \"yvel\": 1,\r\n      \"push\": 2,\r\n      \"relid\": 28\r\n    },\r\n    {\r\n      \"type\": \"text\",\r\n      \"cont\": \"<p class=\\\"_Texto\\\"><span style=\\\"font-family: 'Untitled Sans Medium';\\\">Trainning<\/span><br \/><br \/><\/p><p class=\\\"_Texto\\\">We are deeply committed to developing best practices in the approach of gender-based abuse and violence against children and adolescents.<\/p><p class=\\\"_Texto\\\">We develop multiple training activities, courses, conferences and seminars. In addition, we take part as speakers in both national and international congresses and as guest lecturers in courses and graduate classes related to this issue.<\/p><p class=\\\"_Texto\\\"><br \/><a href=\\\"https:\/\/www.shalombait.org.ar\/capacitacion\/\\\" data-type=\\\"page\\\" data-id=\\\"154\\\" data-title=\\\"Capacitaci\u00f3n\\\"><span style=\\\"text-decoration: underline;\\\"><span style=\\\"color: #743589; text-decoration: underline;\\\">+ Info<\/span><\/span><\/a><\/p>\",\r\n      \"align\": \"top\",\r\n      \"row\": 6,\r\n      \"col\": 2,\r\n      \"colspan\": 26,\r\n      \"offsetx\": 0,\r\n      \"offsety\": 0,\r\n      \"spaceabove\": 0,\r\n      \"spacebelow\": 0,\r\n      \"yvel\": 1,\r\n      \"push\": 2,\r\n      \"relid\": 12,\r\n      \"frameOverflow\": \"\"\r\n    },\r\n    {\r\n      \"type\": \"hr\",\r\n      \"cont\": \"\",\r\n      \"align\": \"middle\",\r\n      \"row\": 7,\r\n      \"col\": 2,\r\n      \"colspan\": 26,\r\n      \"offsetx\": 0,\r\n      \"offsety\": 0,\r\n      \"spaceabove\": 0,\r\n      \"spacebelow\": 0,\r\n      \"yvel\": 1,\r\n      \"push\": 2,\r\n      \"relid\": 29\r\n    },\r\n    {\r\n      \"type\": \"text\",\r\n      \"cont\": \"<p class=\\\"_Texto\\\"><strong>Prevention<\/strong><\/p><p>\u00a0<\/p><p class=\\\"_Texto\\\">We believe that training sensitivity, raising awareness, and socializing information provides the victims with tools and resources to take the first steps towards solving the problem, and also contributes to the process of transforming society as a whole.<\/p><p class=\\\"_Texto\\\">We run prevention workshops and distribute graphic campaigns and publications in print and digital format.<\/p><p>\u00a0<\/p><p><span style=\\\"text-decoration: underline;\\\"><span style=\\\"color: #743589; text-decoration: underline;\\\">+Info<\/span><\/span><\/p>\",\r\n      \"align\": \"top\",\r\n      \"row\": 8,\r\n      \"col\": 2,\r\n      \"colspan\": 26,\r\n      \"offsetx\": 0,\r\n      \"offsety\": 0,\r\n      \"spaceabove\": 0,\r\n      \"spacebelow\": 0,\r\n      \"yvel\": 1,\r\n      \"push\": 2,\r\n      \"relid\": 17,\r\n      \"frameOverflow\": \"\"\r\n    },\r\n    {\r\n      \"type\": \"text\",\r\n      \"cont\": \"<h1 class=\\\"_Numeros\\\" style=\\\"line-height: 0.6;\\\"><span style=\\\"font-family: 'Untitled Sans Bold'; color: #cec445;\\\">more<\/span><\/h1><h1 class=\\\"_Numeros\\\" style=\\\"line-height: 0.6;\\\"><span style=\\\"font-family: 'Untitled Sans Bold'; color: #cec445;\\\"> than <\/span><\/h1><h1 class=\\\"_Numeros\\\" style=\\\"line-height: 0.6;\\\"><span style=\\\"font-family: 'Untitled Sans Bold'; color: #cec445;\\\">3.000<\/span><\/h1><p class=\\\"_Texto\\\" style=\\\"line-height: 1.2;\\\"><span style=\\\"color: #ffffff; font-size: 20px;\\\">WOMEN found the support necessary to change their lives.<\/span><\/p>\",\r\n      \"align\": \"top\",\r\n      \"row\": 9,\r\n      \"col\": 2,\r\n      \"colspan\": 12,\r\n      \"offsetx\": 0,\r\n      \"offsety\": 0,\r\n      \"spaceabove\": 5,\r\n      \"spacebelow\": 5,\r\n      \"yvel\": 1,\r\n      \"push\": 2,\r\n      \"relid\": 18,\r\n      \"frameOverflow\": \"\"\r\n    },\r\n    {\r\n      \"type\": \"text\",\r\n      \"cont\": \"<h1 class=\\\"_Numeros\\\" style=\\\"line-height: 0.6;\\\"><span style=\\\"font-family: 'Untitled Sans Bold'; color: #cec445;\\\">more <\/span><\/h1><h1 class=\\\"_Numeros\\\" style=\\\"line-height: 0.6;\\\"><span style=\\\"font-family: 'Untitled Sans Bold'; color: #cec445;\\\">than <\/span><\/h1><h1 class=\\\"_Numeros\\\" style=\\\"line-height: 0.6;\\\"><span style=\\\"font-family: 'Untitled Sans Bold'; color: #cec445;\\\">2.500<\/span><\/h1><p class=\\\"_Texto\\\" style=\\\"line-height: 1.2;\\\"><span style=\\\"color: #ffffff; font-size: 20px;\\\">Professionals attended our training programs.<\/span><\/p>\",\r\n      \"align\": \"top\",\r\n      \"row\": 9,\r\n      \"col\": 16,\r\n      \"colspan\": 12,\r\n      \"offsetx\": 0,\r\n      \"offsety\": 0,\r\n      \"spaceabove\": 5,\r\n      \"spacebelow\": 5,\r\n      \"yvel\": 1,\r\n      \"push\": 2,\r\n      \"relid\": 19,\r\n      \"frameOverflow\": \"\"\r\n    },\r\n    {\r\n      \"type\": \"text\",\r\n      \"cont\": \"<h1 class=\\\"_Numeros\\\" style=\\\"line-height: 0.6;\\\"><span style=\\\"font-family: 'Untitled Sans Bold'; color: #cec445;\\\">6<\/span><\/h1><p class=\\\"_Texto\\\" style=\\\"line-height: 1.2;\\\"><span style=\\\"color: #ffffff; font-size: 20px;\\\">Groups of Women assemble every week.<\/span><\/p><p>\u00a0<\/p><p>\u00a0<\/p><p>\u00a0<\/p>\",\r\n      \"align\": \"middle\",\r\n      \"row\": 10,\r\n      \"col\": 9,\r\n      \"colspan\": 12,\r\n      \"offsetx\": 0,\r\n      \"offsety\": 0,\r\n      \"spaceabove\": 5,\r\n      \"spacebelow\": 5,\r\n      \"yvel\": 1,\r\n      \"push\": 9,\r\n      \"relid\": 21\r\n    },\r\n    {\r\n      \"type\": \"text\",\r\n      \"cont\": \"<h1 class=\\\"_Numeros\\\" style=\\\"line-height: 0.6;\\\"><span style=\\\"font-family: 'Untitled Sans Bold'; color: #cec445;\\\">150<\/span><\/h1><p class=\\\"_Texto\\\" style=\\\"line-height: 1.2;\\\"><span style=\\\"color: #ffffff; font-size: 20px;\\\">Women attended the groups this year.<\/span><\/p>\",\r\n      \"align\": \"top\",\r\n      \"row\": 11,\r\n      \"col\": 2,\r\n      \"colspan\": 12,\r\n      \"offsetx\": 0,\r\n      \"offsety\": 0,\r\n      \"spaceabove\": 5,\r\n      \"spacebelow\": 5,\r\n      \"yvel\": 1,\r\n      \"push\": 2,\r\n      \"relid\": 20,\r\n      \"frameOverflow\": \"\"\r\n    },\r\n    {\r\n      \"type\": \"text\",\r\n      \"cont\": \"<h1 class=\\\"_Numeros\\\" style=\\\"line-height: 0.6;\\\"><span style=\\\"font-family: 'Untitled Sans Bold'; color: #cec445;\\\">275<\/span><\/h1><p class=\\\"_Texto\\\" style=\\\"line-height: 1.2;\\\"><span style=\\\"color: #ffffff; font-size: 20px;\\\">Women received legal counsel this year.<\/span><\/p><p>\u00a0<\/p>\",\r\n      \"align\": \"top\",\r\n      \"row\": 11,\r\n      \"col\": 16,\r\n      \"colspan\": 12,\r\n      \"offsetx\": 0,\r\n      \"offsety\": 0,\r\n      \"spaceabove\": 5,\r\n      \"spacebelow\": 5,\r\n      \"yvel\": 1,\r\n      \"push\": 2,\r\n      \"relid\": 22,\r\n      \"frameOverflow\": \"\"\r\n    },\r\n    {\r\n      \"type\": \"text\",\r\n      \"cont\": \"\",\r\n      \"align\": \"bottom\",\r\n      \"row\": 12,\r\n      \"col\": 11,\r\n      \"colspan\": 8,\r\n      \"offsetx\": 0,\r\n      \"offsety\": 0,\r\n      \"spaceabove\": 0,\r\n      \"spacebelow\": 0,\r\n      \"yvel\": 1,\r\n      \"push\": 11,\r\n      \"relid\": 26,\r\n      \"dosync\": false\r\n    },\r\n    {\r\n      \"type\": \"postThumbnail\",\r\n      \"cont\": \"https:\/\/www.shalombait.org.ar\/wp-content\/uploads\/2022\/08\/blog4.png\",\r\n      \"align\": \"bottom\",\r\n      \"row\": 13,\r\n      \"col\": 2,\r\n      \"colspan\": 26,\r\n      \"offsetx\": 0,\r\n      \"offsety\": 0,\r\n      \"spaceabove\": 0,\r\n      \"spacebelow\": 0,\r\n      \"yvel\": 1,\r\n      \"push\": 2,\r\n      \"relid\": 25,\r\n      \"title\": \"Reconnection of parents with children in contexts of gender violence\",\r\n      \"postid\": 704,\r\n      \"descr\": \"<p>August 9th, 2022<\/p>\\n<p>Actualidad<\/p>\\n\",\r\n      \"link\": \"https:\/\/www.shalombait.org.ar\/revinculacion-de-padres-con-hijes-en-contextos-de-violencia-de-genero\/\",\r\n      \"attid\": 705,\r\n      \"ar\": 0.666,\r\n      \"sizes\": {\r\n        \"full\": \"https:\/\/www.shalombait.org.ar\/wp-content\/uploads\/2022\/08\/blog4.png\",\r\n        \"_768\": \"https:\/\/www.shalombait.org.ar\/wp-content\/uploads\/2022\/08\/blog4-768x511.png\",\r\n        \"_512\": \"https:\/\/www.shalombait.org.ar\/wp-content\/uploads\/2022\/08\/blog4-512x341.png\",\r\n        \"_265\": \"https:\/\/www.shalombait.org.ar\/wp-content\/uploads\/2022\/08\/blog4-265x176.png\"\r\n      },\r\n      \"mo_sizes\": \"\",\r\n      \"mo_h\": \"\",\r\n      \"mo_w\": \"\",\r\n      \"video_url\": \"\",\r\n      \"video_w\": 0,\r\n      \"video_h\": 0,\r\n      \"mo_attid\": \"-1\",\r\n      \"video_attid\": \"\"\r\n    },\r\n    {\r\n      \"type\": \"postThumbnail\",\r\n      \"cont\": \"https:\/\/www.shalombait.org.ar\/wp-content\/uploads\/2022\/07\/blogmadres.png\",\r\n      \"align\": \"middle\",\r\n      \"row\": 14,\r\n      \"col\": 2,\r\n      \"colspan\": 26,\r\n      \"offsetx\": 0,\r\n      \"offsety\": 0,\r\n      \"spaceabove\": 0,\r\n      \"spacebelow\": 0,\r\n      \"yvel\": 1,\r\n      \"push\": 2,\r\n      \"relid\": 23,\r\n      \"title\": \"Women victims of gender violence and protective mothers: the co-occurrence of domestic violence and sexual violence against children and adolescents\",\r\n      \"postid\": 695,\r\n      \"descr\": \"<p>July 11, 2022<\/p>\\n<p>Actualidad<\/p>\\n\",\r\n      \"link\": \"https:\/\/www.shalombait.org.ar\/women-victims-of-gender-violence-and-protective-mothers-the-co-occurrence-of-domestic-violence-and-sexual-violence-against-children-and-adolescents\/\",\r\n      \"attid\": 697,\r\n      \"ar\": 0.729636048526863,\r\n      \"sizes\": {\r\n        \"full\": \"https:\/\/www.shalombait.org.ar\/wp-content\/uploads\/2022\/07\/blogmadres.png\",\r\n        \"_1024\": \"https:\/\/www.shalombait.org.ar\/wp-content\/uploads\/2022\/07\/blogmadres-1024x747.png\",\r\n        \"_768\": \"https:\/\/www.shalombait.org.ar\/wp-content\/uploads\/2022\/07\/blogmadres-768x560.png\",\r\n        \"_512\": \"https:\/\/www.shalombait.org.ar\/wp-content\/uploads\/2022\/07\/blogmadres-512x374.png\",\r\n        \"_265\": \"https:\/\/www.shalombait.org.ar\/wp-content\/uploads\/2022\/07\/blogmadres-265x193.png\"\r\n      },\r\n      \"mo_sizes\": null,\r\n      \"mo_h\": 0,\r\n      \"mo_w\": 0,\r\n      \"video_url\": \"\",\r\n      \"video_w\": 0,\r\n      \"video_h\": 0,\r\n      \"mo_attid\": \"-1\",\r\n      \"video_attid\": \"\"\r\n    },\r\n    {\r\n      \"type\": \"postThumbnail\",\r\n      \"cont\": \"https:\/\/www.shalombait.org.ar\/wp-content\/uploads\/2021\/10\/fan.png\",\r\n      \"align\": \"bottom\",\r\n      \"row\": 15,\r\n      \"col\": 2,\r\n      \"colspan\": 26,\r\n      \"offsetx\": 0,\r\n      \"offsety\": 0,\r\n      \"spaceabove\": 0,\r\n      \"spacebelow\": 0,\r\n      \"yvel\": 1,\r\n      \"push\": 2,\r\n      \"relid\": 24,\r\n      \"title\": \"Fanzine Library\",\r\n      \"postid\": 652,\r\n      \"descr\": \"<p><\/p>\\n\",\r\n      \"link\": \"https:\/\/www.shalombait.org.ar\/reflection-in-all-media-2\/\",\r\n      \"attid\": 653,\r\n      \"ar\": 0.7277913610431948,\r\n      \"sizes\": {\r\n        \"full\": \"https:\/\/www.shalombait.org.ar\/wp-content\/uploads\/2021\/10\/fan.png\",\r\n        \"_1024\": \"https:\/\/www.shalombait.org.ar\/wp-content\/uploads\/2021\/10\/fan-1024x745.png\",\r\n        \"_768\": \"https:\/\/www.shalombait.org.ar\/wp-content\/uploads\/2021\/10\/fan-768x559.png\",\r\n        \"_512\": \"https:\/\/www.shalombait.org.ar\/wp-content\/uploads\/2021\/10\/fan-512x373.png\",\r\n        \"_265\": \"https:\/\/www.shalombait.org.ar\/wp-content\/uploads\/2021\/10\/fan-265x193.png\"\r\n      },\r\n      \"mo_sizes\": \"\",\r\n      \"mo_h\": \"\",\r\n      \"mo_w\": \"\",\r\n      \"video_url\": \"\",\r\n      \"video_w\": 0,\r\n      \"video_h\": 0,\r\n      \"mo_attid\": \"-1\",\r\n      \"video_attid\": \"\"\r\n    },\r\n    {\r\n      \"type\": \"text\",\r\n      \"cont\": \"<p>\u00a0<\/p><h1 class=\\\"_Titulo_Bloque\\\" style=\\\"text-align: center;\\\">Be part of the solution<\/h1><h1 class=\\\"_Unite\\\" style=\\\"text-align: center;\\\"><span style=\\\"color: #cec24f;\\\"><a style=\\\"color: #cec24f;\\\" href=\\\"https:\/\/www.shalombait.org.ar\/dona\/\\\" data-type=\\\"page\\\" data-id=\\\"163\\\" data-title=\\\"Don\u00e1\\\">JOIN SHALOM BAIT<\/a><\/span><\/h1>\",\r\n      \"align\": \"top\",\r\n      \"row\": 16,\r\n      \"col\": 2,\r\n      \"colspan\": 26,\r\n      \"offsetx\": 0,\r\n      \"offsety\": 0,\r\n      \"spaceabove\": 6,\r\n      \"spacebelow\": 6,\r\n      \"yvel\": 1,\r\n      \"push\": 2,\r\n      \"relid\": 27,\r\n      \"dosync\": false\r\n    }\r\n  ]\r\n}","_links":{"self":[{"href":"https:\/\/www.shalombait.org.ar\/en\/wp-json\/wp\/v2\/posts\/716","targetHints":{"allow":["GET"]}}],"collection":[{"href":"https:\/\/www.shalombait.org.ar\/en\/wp-json\/wp\/v2\/posts"}],"about":[{"href":"https:\/\/www.shalombait.org.ar\/en\/wp-json\/wp\/v2\/types\/post"}],"author":[{"embeddable":true,"href":"https:\/\/www.shalombait.org.ar\/en\/wp-json\/wp\/v2\/users\/1"}],"replies":[{"embeddable":true,"href":"https:\/\/www.shalombait.org.ar\/en\/wp-json\/wp\/v2\/comments?post=716"}],"version-history":[{"count":0,"href":"https:\/\/www.shalombait.org.ar\/en\/wp-json\/wp\/v2\/posts\/716\/revisions"}],"wp:attachment":[{"href":"https:\/\/www.shalombait.org.ar\/en\/wp-json\/wp\/v2\/media?parent=716"}],"wp:term":[{"taxonomy":"category","embeddable":true,"href":"https:\/\/www.shalombait.org.ar\/en\/wp-json\/wp\/v2\/categories?post=716"},{"taxonomy":"post_tag","embeddable":true,"href":"https:\/\/www.shalombait.org.ar\/en\/wp-json\/wp\/v2\/tags?post=716"}],"curies":[{"name":"wp","href":"https:\/\/api.w.org\/{rel}","templated":true}]}}