{"id":449,"date":"2019-08-26T18:30:35","date_gmt":"2019-02-12T20:38:05","guid":{"rendered":"http:\/\/www.shalombait.org.ar\/25-de-noviembre-un-dia-en-la-lucha-de-todos-los-dias-2\/"},"modified":"2019-08-26T18:32:05","modified_gmt":"2019-08-26T18:32:05","slug":"8-de-marzo-dia-internacional-de-la-mujer","status":"publish","type":"post","link":"https:\/\/www.shalombait.org.ar\/en\/8-de-marzo-dia-internacional-de-la-mujer\/","title":{"rendered":"Copy Copy Copy Copy Copy Copy Copy Copy Copy Copy Copy Copy Copy Copy Copy Copy Copy Copy Copy Copy Copy Copy Copy Copy"},"content":{"rendered":"","protected":false},"excerpt":{"rendered":"","protected":false},"author":1,"featured_media":409,"comment_status":"closed","ping_status":"closed","sticky":false,"template":"","format":"standard","meta":[],"categories":[7,1],"tags":[],"class_list":["post-449","post","type-post","status-publish","has-post-thumbnail","hentry","category-actualidad","category-blog"],"yoast_head":"<!-- This site is optimized with the Yoast SEO plugin v20.2.1 - https:\/\/yoast.com\/wordpress\/plugins\/seo\/ -->\n<title>Copy Copy Copy Copy Copy Copy Copy Copy Copy Copy Copy Copy Copy Copy Copy Copy Copy Copy Copy Copy Copy Copy Copy Copy - Shalom Bait<\/title>\n<meta name=\"robots\" content=\"index, follow, max-snippet:-1, max-image-preview:large, max-video-preview:-1\" \/>\n<link rel=\"canonical\" href=\"https:\/\/www.shalombait.org.ar\/en\/8-de-marzo-dia-internacional-de-la-mujer\/\" \/>\n<meta property=\"og:locale\" content=\"en_US\" \/>\n<meta property=\"og:type\" content=\"article\" \/>\n<meta property=\"og:title\" content=\"[:en] Copy Copy Copy Copy Copy Copy Copy Copy Copy Copy Copy Copy Copy Copy Copy Copy Copy Copy Copy Copy Copy Copy Copy Copy[:es]8 de Marzo: D\u00eda Internacional de la Mujer[:]\" \/>\n<meta property=\"og:url\" content=\"https:\/\/www.shalombait.org.ar\/en\/8-de-marzo-dia-internacional-de-la-mujer\/\" \/>\n<meta property=\"og:site_name\" content=\"Shalom Bait\" \/>\n<meta property=\"article:published_time\" content=\"2019-02-12T20:38:05+00:00\" \/>\n<meta property=\"article:modified_time\" content=\"2019-08-26T18:32:05+00:00\" \/>\n<meta property=\"og:image\" content=\"https:\/\/www.shalombait.org.ar\/wp-content\/uploads\/2019\/08\/Imagenes-blog-55.jpg\" \/>\n\t<meta property=\"og:image:width\" content=\"1398\" \/>\n\t<meta property=\"og:image:height\" content=\"977\" \/>\n\t<meta property=\"og:image:type\" content=\"image\/jpeg\" \/>\n<meta name=\"author\" content=\"Shalom Bait\" \/>\n<meta name=\"twitter:card\" content=\"summary_large_image\" \/>\n<meta name=\"twitter:label1\" content=\"Written by\" \/>\n\t<meta name=\"twitter:data1\" content=\"Shalom Bait\" \/>\n<script type=\"application\/ld+json\" class=\"yoast-schema-graph\">{\"@context\":\"https:\/\/schema.org\",\"@graph\":[{\"@type\":\"Article\",\"@id\":\"https:\/\/www.shalombait.org.ar\/en\/8-de-marzo-dia-internacional-de-la-mujer\/#article\",\"isPartOf\":{\"@id\":\"https:\/\/www.shalombait.org.ar\/en\/8-de-marzo-dia-internacional-de-la-mujer\/\"},\"author\":{\"name\":\"Shalom Bait\",\"@id\":\"https:\/\/www.shalombait.org.ar\/#\/schema\/person\/e785b3f08c7f406954488962e1ffae22\"},\"headline\":\"Copy Copy Copy Copy Copy Copy Copy Copy Copy Copy Copy Copy Copy Copy Copy Copy Copy Copy Copy Copy Copy Copy Copy Copy\",\"datePublished\":\"2019-02-12T20:38:05+00:00\",\"dateModified\":\"2019-08-26T18:32:05+00:00\",\"mainEntityOfPage\":{\"@id\":\"https:\/\/www.shalombait.org.ar\/en\/8-de-marzo-dia-internacional-de-la-mujer\/\"},\"wordCount\":34,\"publisher\":{\"@id\":\"https:\/\/www.shalombait.org.ar\/#organization\"},\"articleSection\":[\"Today\",\"Blog\"],\"inLanguage\":\"en-US\"},{\"@type\":\"WebPage\",\"@id\":\"https:\/\/www.shalombait.org.ar\/en\/8-de-marzo-dia-internacional-de-la-mujer\/\",\"url\":\"https:\/\/www.shalombait.org.ar\/en\/8-de-marzo-dia-internacional-de-la-mujer\/\",\"name\":\"[:en] Copy Copy Copy Copy Copy Copy Copy Copy Copy Copy Copy Copy Copy Copy Copy Copy Copy Copy Copy Copy Copy Copy Copy Copy[:es]8 de Marzo: D\u00eda Internacional de la Mujer[:] - Shalom Bait\",\"isPartOf\":{\"@id\":\"https:\/\/www.shalombait.org.ar\/#website\"},\"datePublished\":\"2019-02-12T20:38:05+00:00\",\"dateModified\":\"2019-08-26T18:32:05+00:00\",\"breadcrumb\":{\"@id\":\"https:\/\/www.shalombait.org.ar\/en\/8-de-marzo-dia-internacional-de-la-mujer\/#breadcrumb\"},\"inLanguage\":\"en-US\",\"potentialAction\":[{\"@type\":\"ReadAction\",\"target\":[\"https:\/\/www.shalombait.org.ar\/en\/8-de-marzo-dia-internacional-de-la-mujer\/\"]}]},{\"@type\":\"BreadcrumbList\",\"@id\":\"https:\/\/www.shalombait.org.ar\/en\/8-de-marzo-dia-internacional-de-la-mujer\/#breadcrumb\",\"itemListElement\":[{\"@type\":\"ListItem\",\"position\":1,\"name\":\"Portada\",\"item\":\"https:\/\/www.shalombait.org.ar\/\"},{\"@type\":\"ListItem\",\"position\":2,\"name\":\"Copy Copy Copy Copy Copy Copy Copy Copy Copy Copy Copy Copy Copy Copy Copy Copy Copy Copy Copy Copy Copy Copy Copy Copy\"}]},{\"@type\":\"WebSite\",\"@id\":\"https:\/\/www.shalombait.org.ar\/#website\",\"url\":\"https:\/\/www.shalombait.org.ar\/\",\"name\":\"Shalom Bait\",\"description\":\"Defendemos el derecho a vivir en un hogar sin violencia\",\"publisher\":{\"@id\":\"https:\/\/www.shalombait.org.ar\/#organization\"},\"potentialAction\":[{\"@type\":\"SearchAction\",\"target\":{\"@type\":\"EntryPoint\",\"urlTemplate\":\"https:\/\/www.shalombait.org.ar\/?s={search_term_string}\"},\"query-input\":\"required name=search_term_string\"}],\"inLanguage\":\"en-US\"},{\"@type\":\"Organization\",\"@id\":\"https:\/\/www.shalombait.org.ar\/#organization\",\"name\":\"Shalom Bait\",\"url\":\"https:\/\/www.shalombait.org.ar\/\",\"logo\":{\"@type\":\"ImageObject\",\"inLanguage\":\"en-US\",\"@id\":\"https:\/\/www.shalombait.org.ar\/#\/schema\/logo\/image\/\",\"url\":\"https:\/\/www.shalombait.org.ar\/wp-content\/uploads\/2018\/11\/Logo-header.png\",\"contentUrl\":\"https:\/\/www.shalombait.org.ar\/wp-content\/uploads\/2018\/11\/Logo-header.png\",\"width\":778,\"height\":143,\"caption\":\"Shalom Bait\"},\"image\":{\"@id\":\"https:\/\/www.shalombait.org.ar\/#\/schema\/logo\/image\/\"}},{\"@type\":\"Person\",\"@id\":\"https:\/\/www.shalombait.org.ar\/#\/schema\/person\/e785b3f08c7f406954488962e1ffae22\",\"name\":\"Shalom Bait\",\"image\":{\"@type\":\"ImageObject\",\"inLanguage\":\"en-US\",\"@id\":\"https:\/\/www.shalombait.org.ar\/#\/schema\/person\/image\/\",\"url\":\"https:\/\/secure.gravatar.com\/avatar\/cbdc80c48240172f3dabce38c0c8bf7b?s=96&d=mm&r=g\",\"contentUrl\":\"https:\/\/secure.gravatar.com\/avatar\/cbdc80c48240172f3dabce38c0c8bf7b?s=96&d=mm&r=g\",\"caption\":\"Shalom Bait\"}}]}<\/script>\n<!-- \/ Yoast SEO plugin. -->","yoast_head_json":{"title":"[:en] Copy Copy Copy Copy Copy Copy Copy Copy Copy Copy Copy Copy Copy Copy Copy Copy Copy Copy Copy Copy Copy Copy Copy Copy[:es]8 de Marzo: D\u00eda Internacional de la Mujer[:] - Shalom Bait","robots":{"index":"index","follow":"follow","max-snippet":"max-snippet:-1","max-image-preview":"max-image-preview:large","max-video-preview":"max-video-preview:-1"},"canonical":"https:\/\/www.shalombait.org.ar\/en\/8-de-marzo-dia-internacional-de-la-mujer\/","og_locale":"en_US","og_type":"article","og_title":"[:en] Copy Copy Copy Copy Copy Copy Copy Copy Copy Copy Copy Copy Copy Copy Copy Copy Copy Copy Copy Copy Copy Copy Copy Copy[:es]8 de Marzo: D\u00eda Internacional de la Mujer[:]","og_url":"https:\/\/www.shalombait.org.ar\/en\/8-de-marzo-dia-internacional-de-la-mujer\/","og_site_name":"Shalom Bait","article_published_time":"2019-02-12T20:38:05+00:00","article_modified_time":"2019-08-26T18:32:05+00:00","og_image":[{"width":1398,"height":977,"url":"https:\/\/www.shalombait.org.ar\/wp-content\/uploads\/2019\/08\/Imagenes-blog-55.jpg","type":"image\/jpeg"}],"author":"Shalom Bait","twitter_card":"summary_large_image","twitter_misc":{"Written by":"Shalom Bait"},"schema":{"@context":"https:\/\/schema.org","@graph":[{"@type":"Article","@id":"https:\/\/www.shalombait.org.ar\/en\/8-de-marzo-dia-internacional-de-la-mujer\/#article","isPartOf":{"@id":"https:\/\/www.shalombait.org.ar\/en\/8-de-marzo-dia-internacional-de-la-mujer\/"},"author":{"name":"Shalom Bait","@id":"https:\/\/www.shalombait.org.ar\/#\/schema\/person\/e785b3f08c7f406954488962e1ffae22"},"headline":"Copy Copy Copy Copy Copy Copy Copy Copy Copy Copy Copy Copy Copy Copy Copy Copy Copy Copy Copy Copy Copy Copy Copy Copy","datePublished":"2019-02-12T20:38:05+00:00","dateModified":"2019-08-26T18:32:05+00:00","mainEntityOfPage":{"@id":"https:\/\/www.shalombait.org.ar\/en\/8-de-marzo-dia-internacional-de-la-mujer\/"},"wordCount":34,"publisher":{"@id":"https:\/\/www.shalombait.org.ar\/#organization"},"articleSection":["Today","Blog"],"inLanguage":"en-US"},{"@type":"WebPage","@id":"https:\/\/www.shalombait.org.ar\/en\/8-de-marzo-dia-internacional-de-la-mujer\/","url":"https:\/\/www.shalombait.org.ar\/en\/8-de-marzo-dia-internacional-de-la-mujer\/","name":"[:en] Copy Copy Copy Copy Copy Copy Copy Copy Copy Copy Copy Copy Copy Copy Copy Copy Copy Copy Copy Copy Copy Copy Copy Copy[:es]8 de Marzo: D\u00eda Internacional de la Mujer[:] - Shalom Bait","isPartOf":{"@id":"https:\/\/www.shalombait.org.ar\/#website"},"datePublished":"2019-02-12T20:38:05+00:00","dateModified":"2019-08-26T18:32:05+00:00","breadcrumb":{"@id":"https:\/\/www.shalombait.org.ar\/en\/8-de-marzo-dia-internacional-de-la-mujer\/#breadcrumb"},"inLanguage":"en-US","potentialAction":[{"@type":"ReadAction","target":["https:\/\/www.shalombait.org.ar\/en\/8-de-marzo-dia-internacional-de-la-mujer\/"]}]},{"@type":"BreadcrumbList","@id":"https:\/\/www.shalombait.org.ar\/en\/8-de-marzo-dia-internacional-de-la-mujer\/#breadcrumb","itemListElement":[{"@type":"ListItem","position":1,"name":"Portada","item":"https:\/\/www.shalombait.org.ar\/"},{"@type":"ListItem","position":2,"name":"Copy Copy Copy Copy Copy Copy Copy Copy Copy Copy Copy Copy Copy Copy Copy Copy Copy Copy Copy Copy Copy Copy Copy Copy"}]},{"@type":"WebSite","@id":"https:\/\/www.shalombait.org.ar\/#website","url":"https:\/\/www.shalombait.org.ar\/","name":"Shalom Bait","description":"Defendemos el derecho a vivir en un hogar sin violencia","publisher":{"@id":"https:\/\/www.shalombait.org.ar\/#organization"},"potentialAction":[{"@type":"SearchAction","target":{"@type":"EntryPoint","urlTemplate":"https:\/\/www.shalombait.org.ar\/?s={search_term_string}"},"query-input":"required name=search_term_string"}],"inLanguage":"en-US"},{"@type":"Organization","@id":"https:\/\/www.shalombait.org.ar\/#organization","name":"Shalom Bait","url":"https:\/\/www.shalombait.org.ar\/","logo":{"@type":"ImageObject","inLanguage":"en-US","@id":"https:\/\/www.shalombait.org.ar\/#\/schema\/logo\/image\/","url":"https:\/\/www.shalombait.org.ar\/wp-content\/uploads\/2018\/11\/Logo-header.png","contentUrl":"https:\/\/www.shalombait.org.ar\/wp-content\/uploads\/2018\/11\/Logo-header.png","width":778,"height":143,"caption":"Shalom Bait"},"image":{"@id":"https:\/\/www.shalombait.org.ar\/#\/schema\/logo\/image\/"}},{"@type":"Person","@id":"https:\/\/www.shalombait.org.ar\/#\/schema\/person\/e785b3f08c7f406954488962e1ffae22","name":"Shalom Bait","image":{"@type":"ImageObject","inLanguage":"en-US","@id":"https:\/\/www.shalombait.org.ar\/#\/schema\/person\/image\/","url":"https:\/\/secure.gravatar.com\/avatar\/cbdc80c48240172f3dabce38c0c8bf7b?s=96&d=mm&r=g","contentUrl":"https:\/\/secure.gravatar.com\/avatar\/cbdc80c48240172f3dabce38c0c8bf7b?s=96&d=mm&r=g","caption":"Shalom Bait"}}]}},"grid":"{\r\n  \"colCount\": 30,\r\n  \"colGutter\": 0,\r\n  \"rowGutters\": [\r\n    5,\r\n    5\r\n  ],\r\n  \"frameMargin\": 0,\r\n  \"topFrameMargin\": 70,\r\n  \"bottomFrameMargin\": 5,\r\n  \"rowAttrs\": [\r\n    {},\r\n    {},\r\n    {}\r\n  ],\r\n  \"bgColor\": null,\r\n  \"cont\": [\r\n    {\r\n      \"type\": \"text\",\r\n      \"cont\": \"<h1 class=\\\"_Fecha\\\" style=\\\"text-align: center;\\\"><span style=\\\"color: #000000;\\\">3 de Marzo 2017<br \/><br \/><\/span><\/h1><h1 class=\\\"_Unite\\\" style=\\\"text-align: center;\\\"><span style=\\\"color: #75328b;\\\"><span style=\\\"font-weight: 400;\\\">8 de Marzo: D\u00eda Internacional de la Mujer\u00a0<\/span><\/span><\/h1><p style=\\\"text-align: center;\\\"><span style=\\\"text-decoration: underline;\\\"><br \/>Actualidad<\/span><\/p>\",\r\n      \"align\": \"top\",\r\n      \"row\": 0,\r\n      \"col\": 6,\r\n      \"colspan\": 18,\r\n      \"offsetx\": 0,\r\n      \"offsety\": 0,\r\n      \"spaceabove\": 5,\r\n      \"spacebelow\": 0,\r\n      \"yvel\": 1,\r\n      \"push\": 6,\r\n      \"relid\": 287\r\n    },\r\n    {\r\n      \"type\": \"img\",\r\n      \"cont\": \"https:\/\/www.shalombait.org.ar\/wp-content\/uploads\/2019\/08\/Imagenes-blog-55.jpg\",\r\n      \"align\": \"middle\",\r\n      \"row\": 1,\r\n      \"col\": 8,\r\n      \"colspan\": 14,\r\n      \"offsetx\": 0,\r\n      \"offsety\": 0,\r\n      \"spaceabove\": 0,\r\n      \"spacebelow\": 0,\r\n      \"yvel\": 1,\r\n      \"push\": 8,\r\n      \"relid\": 411,\r\n      \"attid\": 409,\r\n      \"sizes\": {\r\n        \"full\": \"https:\/\/www.shalombait.org.ar\/wp-content\/uploads\/2019\/08\/Imagenes-blog-55.jpg\",\r\n        \"_1280\": \"https:\/\/www.shalombait.org.ar\/wp-content\/uploads\/2019\/08\/Imagenes-blog-55-1280x895.jpg\",\r\n        \"_1024\": \"https:\/\/www.shalombait.org.ar\/wp-content\/uploads\/2019\/08\/Imagenes-blog-55-1024x716.jpg\",\r\n        \"_768\": \"https:\/\/www.shalombait.org.ar\/wp-content\/uploads\/2019\/08\/Imagenes-blog-55-768x537.jpg\",\r\n        \"_512\": \"https:\/\/www.shalombait.org.ar\/wp-content\/uploads\/2019\/08\/Imagenes-blog-55-512x358.jpg\",\r\n        \"_265\": \"https:\/\/www.shalombait.org.ar\/wp-content\/uploads\/2019\/08\/Imagenes-blog-55-265x185.jpg\"\r\n      },\r\n      \"w\": 1398,\r\n      \"h\": 977,\r\n      \"ar\": 0.6988555078683834,\r\n      \"alt\": \"\"\r\n    },\r\n    {\r\n      \"type\": \"text\",\r\n      \"cont\": \"<p style=\\\"text-align: center;\\\"><span style=\\\"font-weight: 400; font-family: 'Untitled Sans Medium';\\\">Por Paula Iudica<\/span><\/p><p><span style=\\\"font-weight: 400;\\\"><br \/>El origen del 8 de marzo como D\u00eda Internacional de la Mujer cuenta con m\u00faltiples versiones, algunos mitos y fechas confusas. La versi\u00f3n m\u00e1s difundida gira en torno al incendio en una f\u00e1brica textil en Estados Unidos, donde muchas mujeres murieron reclamando sus derechos laborales. Lo cierto es que el escenario de la lucha de las mujeres a fines del siglo XIX y principios del XX era avanzado y complejo: marcado por la incipiente Primera Guerra Mundial y la Revoluci\u00f3n Rusa, se entrecruzaban la lucha por el voto femenino, los reclamos de las mujeres obreras y el auge del sindicalismo femenino, la uni\u00f3n y organizaci\u00f3n de las mujeres socialistas y el pronunciamiento en contra de la esclavitud sexual. Durante la II Conferencia Internacional de Mujeres Socialistas realizada en Copenhague en 1910, las delegadas norteamericanas propusieron el establecimiento de un D\u00eda Internacional de la Mujer, que fue celebrado por varios pa\u00edses en diferentes fechas. En v\u00edsperas de la Primera Guerra Mundial, un 8 de marzo muchas mujeres se manifestaron en contra de la guerra y la militarizaci\u00f3n, y tres a\u00f1os m\u00e1s tarde, las mujeres rusas salieron a la calle protestando contra el hambre y la miseria que sufr\u00edan bajo el r\u00e9gimen zarista. Reci\u00e9n en 1975 la ONU celebr\u00f3 el A\u00f1o Internacional de la Mujer e invit\u00f3 a los pa\u00edses a establecer un D\u00eda Internacional de la Mujer, que fue diluy\u00e9ndose a trav\u00e9s de los a\u00f1os entre chocolates, flores, cremas corporales y electrodom\u00e9sticos.<\/span><\/p><p><span style=\\\"font-weight: 400;\\\">Hace dos a\u00f1os, frente a una realidad irrefutable, las mujeres argentinas convocadas por un grupo de periodistas, activistas y artistas salieron a la calle haciendo suyo el grito de \u201cNi Una Menos\u201d. Esta manifestaci\u00f3n se repiti\u00f3 en el 2016 en junio, y en octubre luego de una semana con 7 femicidios y la represi\u00f3n durante el Encuentro Nacional de Mujeres en Rosario, se organiz\u00f3 un paro y una movilizaci\u00f3n replicada en muchos pa\u00edses de Am\u00e9rica Latina y el Caribe. En Polonia, tambi\u00e9n el mismo mes, las mujeres realizaron dos huelgas y en\u00a0 Corea del Sur se manifestaron reclamando por sus derechos y dando apoyo a las mujeres polacas. El 2017 comenz\u00f3 con una marcha multitudinaria de mujeres en Washington. En pocos meses los colectivos de mujeres de estos pa\u00edses se unieron. El lema \u201cLa solidaridad es nuestra arma\u201d no hace m\u00e1s que sintetizar las experiencias de estos \u00faltimos a\u00f1os. Decidieron organizar una acci\u00f3n en conjunto: el Paro Internacional de Mujeres, al cual ya adhirieron 40 pa\u00edses.<\/span><\/p><p><span style=\\\"font-weight: 400;\\\">Para que nunca m\u00e1s haya dudas, confusiones, para que no se puedan inventar m\u00e1s mitos, retomamos el origen del 8 de marzo y lo adaptamos a nuestra realidad, lo volvemos a poner sobre la mesa, lo visibilizamos y nos lo apropiamos. La pr\u00f3xima vez que nos preguntemos qu\u00e9 es el 8 de marzo, tendremos nuestra respuesta: Es el d\u00eda en que las mujeres salimos a las calles, unidas para transformar el mundo en el que queremos vivir: un mundo sin femicidios, sin violencia machista, sin insultos, sin abuso sexual, sin acoso callejero, sin discriminaci\u00f3n, sin brecha salarial, sin techo de cristal, sin estereotipos, sin violencia institucional, sin ni\u00f1as y ni\u00f1os v\u00edctimas de violencia de g\u00e9nero.\u00a0 \u201cEste 8 de marzo la tierra tiembla\u201d. El comienzo del llamamiento al Paro Internacional de Mujeres realizado por el Colectivo Ni Una Menos en Argentina no puede ser m\u00e1s acertado. La tierra va a temblar, porque vamos a parar por lo que queremos y lo que no queremos. Por las que paramos y por aquellas que no pueden parar. Paramos por aquellas que no han entendido esta lucha, y hasta por aquellas que est\u00e1n en desacuerdo. Por las que est\u00e1n, por las que no est\u00e1n y por las que alg\u00fan d\u00eda estar\u00e1n.<\/span><\/p><p><span style=\\\"font-weight: 400;\\\">\u00a0<\/span><\/p><p style=\\\"text-align: center;\\\"><br \/><br \/><\/p>\",\r\n      \"align\": \"bottom\",\r\n      \"row\": 2,\r\n      \"col\": 8,\r\n      \"colspan\": 14,\r\n      \"offsetx\": 0,\r\n      \"offsety\": 0,\r\n      \"spaceabove\": 0,\r\n      \"spacebelow\": 2.5,\r\n      \"yvel\": 1,\r\n      \"push\": 8,\r\n      \"relid\": 4\r\n    }\r\n  ]\r\n}","phonegrid":"","_links":{"self":[{"href":"https:\/\/www.shalombait.org.ar\/en\/wp-json\/wp\/v2\/posts\/449","targetHints":{"allow":["GET"]}}],"collection":[{"href":"https:\/\/www.shalombait.org.ar\/en\/wp-json\/wp\/v2\/posts"}],"about":[{"href":"https:\/\/www.shalombait.org.ar\/en\/wp-json\/wp\/v2\/types\/post"}],"author":[{"embeddable":true,"href":"https:\/\/www.shalombait.org.ar\/en\/wp-json\/wp\/v2\/users\/1"}],"replies":[{"embeddable":true,"href":"https:\/\/www.shalombait.org.ar\/en\/wp-json\/wp\/v2\/comments?post=449"}],"version-history":[{"count":0,"href":"https:\/\/www.shalombait.org.ar\/en\/wp-json\/wp\/v2\/posts\/449\/revisions"}],"wp:featuredmedia":[{"embeddable":true,"href":"https:\/\/www.shalombait.org.ar\/en\/wp-json\/wp\/v2\/media\/409"}],"wp:attachment":[{"href":"https:\/\/www.shalombait.org.ar\/en\/wp-json\/wp\/v2\/media?parent=449"}],"wp:term":[{"taxonomy":"category","embeddable":true,"href":"https:\/\/www.shalombait.org.ar\/en\/wp-json\/wp\/v2\/categories?post=449"},{"taxonomy":"post_tag","embeddable":true,"href":"https:\/\/www.shalombait.org.ar\/en\/wp-json\/wp\/v2\/tags?post=449"}],"curies":[{"name":"wp","href":"https:\/\/api.w.org\/{rel}","templated":true}]}}