{"id":437,"date":"2019-08-26T17:36:49","date_gmt":"2019-02-12T20:38:05","guid":{"rendered":"http:\/\/www.shalombait.org.ar\/madres-y-abuelas-mujeres-lucha-y-memoria-2\/"},"modified":"2019-08-26T17:38:38","modified_gmt":"2019-08-26T17:38:38","slug":"madres-y-abuelas-mujeres-lucha-y-memoria-2","status":"publish","type":"post","link":"https:\/\/www.shalombait.org.ar\/en\/madres-y-abuelas-mujeres-lucha-y-memoria-2\/","title":{"rendered":"Copy Copy Copy Copy Copy Copy Copy Copy Copy Copy Copy Copy Copy"},"content":{"rendered":"","protected":false},"excerpt":{"rendered":"","protected":false},"author":1,"featured_media":410,"comment_status":"closed","ping_status":"closed","sticky":false,"template":"","format":"standard","meta":[],"categories":[7,1],"tags":[],"class_list":["post-437","post","type-post","status-publish","has-post-thumbnail","hentry","category-actualidad","category-blog"],"yoast_head":"<!-- This site is optimized with the Yoast SEO plugin v20.2.1 - https:\/\/yoast.com\/wordpress\/plugins\/seo\/ -->\n<title>Copy Copy Copy Copy Copy Copy Copy Copy Copy Copy Copy Copy Copy - Shalom Bait<\/title>\n<meta name=\"robots\" content=\"index, follow, max-snippet:-1, max-image-preview:large, max-video-preview:-1\" \/>\n<link rel=\"canonical\" href=\"https:\/\/www.shalombait.org.ar\/madres-y-abuelas-mujeres-lucha-y-memoria-2\/\" \/>\n<meta property=\"og:locale\" content=\"en_US\" \/>\n<meta property=\"og:type\" content=\"article\" \/>\n<meta property=\"og:title\" content=\"[:en] Copy Copy Copy Copy Copy Copy Copy Copy Copy Copy Copy Copy Copy[:es]Libertad y Violencia de G\u00e9nero[:]\" \/>\n<meta property=\"og:url\" content=\"https:\/\/www.shalombait.org.ar\/madres-y-abuelas-mujeres-lucha-y-memoria-2\/\" \/>\n<meta property=\"og:site_name\" content=\"Shalom Bait\" \/>\n<meta property=\"article:published_time\" content=\"2019-02-12T20:38:05+00:00\" \/>\n<meta property=\"article:modified_time\" content=\"2019-08-26T17:38:38+00:00\" \/>\n<meta property=\"og:image\" content=\"https:\/\/www.shalombait.org.ar\/wp-content\/uploads\/2019\/08\/Imagenes-blog-56.jpg\" \/>\n\t<meta property=\"og:image:width\" content=\"1398\" \/>\n\t<meta property=\"og:image:height\" content=\"977\" \/>\n\t<meta property=\"og:image:type\" content=\"image\/jpeg\" \/>\n<meta name=\"author\" content=\"Shalom Bait\" \/>\n<meta name=\"twitter:card\" content=\"summary_large_image\" \/>\n<meta name=\"twitter:label1\" content=\"Written by\" \/>\n\t<meta name=\"twitter:data1\" content=\"Shalom Bait\" \/>\n<script type=\"application\/ld+json\" class=\"yoast-schema-graph\">{\"@context\":\"https:\/\/schema.org\",\"@graph\":[{\"@type\":\"Article\",\"@id\":\"https:\/\/www.shalombait.org.ar\/madres-y-abuelas-mujeres-lucha-y-memoria-2\/#article\",\"isPartOf\":{\"@id\":\"https:\/\/www.shalombait.org.ar\/madres-y-abuelas-mujeres-lucha-y-memoria-2\/\"},\"author\":{\"name\":\"Shalom Bait\",\"@id\":\"https:\/\/www.shalombait.org.ar\/#\/schema\/person\/e785b3f08c7f406954488962e1ffae22\"},\"headline\":\"Copy Copy Copy Copy Copy Copy Copy Copy Copy Copy Copy Copy Copy\",\"datePublished\":\"2019-02-12T20:38:05+00:00\",\"dateModified\":\"2019-08-26T17:38:38+00:00\",\"mainEntityOfPage\":{\"@id\":\"https:\/\/www.shalombait.org.ar\/madres-y-abuelas-mujeres-lucha-y-memoria-2\/\"},\"wordCount\":21,\"publisher\":{\"@id\":\"https:\/\/www.shalombait.org.ar\/#organization\"},\"articleSection\":[\"Today\",\"Blog\"],\"inLanguage\":\"en-US\"},{\"@type\":\"WebPage\",\"@id\":\"https:\/\/www.shalombait.org.ar\/madres-y-abuelas-mujeres-lucha-y-memoria-2\/\",\"url\":\"https:\/\/www.shalombait.org.ar\/madres-y-abuelas-mujeres-lucha-y-memoria-2\/\",\"name\":\"[:en] Copy Copy Copy Copy Copy Copy Copy Copy Copy Copy Copy Copy Copy[:es]Libertad y Violencia de G\u00e9nero[:] - Shalom Bait\",\"isPartOf\":{\"@id\":\"https:\/\/www.shalombait.org.ar\/#website\"},\"datePublished\":\"2019-02-12T20:38:05+00:00\",\"dateModified\":\"2019-08-26T17:38:38+00:00\",\"breadcrumb\":{\"@id\":\"https:\/\/www.shalombait.org.ar\/madres-y-abuelas-mujeres-lucha-y-memoria-2\/#breadcrumb\"},\"inLanguage\":\"en-US\",\"potentialAction\":[{\"@type\":\"ReadAction\",\"target\":[\"https:\/\/www.shalombait.org.ar\/madres-y-abuelas-mujeres-lucha-y-memoria-2\/\"]}]},{\"@type\":\"BreadcrumbList\",\"@id\":\"https:\/\/www.shalombait.org.ar\/madres-y-abuelas-mujeres-lucha-y-memoria-2\/#breadcrumb\",\"itemListElement\":[{\"@type\":\"ListItem\",\"position\":1,\"name\":\"Portada\",\"item\":\"https:\/\/www.shalombait.org.ar\/\"},{\"@type\":\"ListItem\",\"position\":2,\"name\":\"Libertad y Violencia de G\u00e9nero\"}]},{\"@type\":\"WebSite\",\"@id\":\"https:\/\/www.shalombait.org.ar\/#website\",\"url\":\"https:\/\/www.shalombait.org.ar\/\",\"name\":\"Shalom Bait\",\"description\":\"Defendemos el derecho a vivir en un hogar sin violencia\",\"publisher\":{\"@id\":\"https:\/\/www.shalombait.org.ar\/#organization\"},\"potentialAction\":[{\"@type\":\"SearchAction\",\"target\":{\"@type\":\"EntryPoint\",\"urlTemplate\":\"https:\/\/www.shalombait.org.ar\/?s={search_term_string}\"},\"query-input\":\"required name=search_term_string\"}],\"inLanguage\":\"en-US\"},{\"@type\":\"Organization\",\"@id\":\"https:\/\/www.shalombait.org.ar\/#organization\",\"name\":\"Shalom Bait\",\"url\":\"https:\/\/www.shalombait.org.ar\/\",\"logo\":{\"@type\":\"ImageObject\",\"inLanguage\":\"en-US\",\"@id\":\"https:\/\/www.shalombait.org.ar\/#\/schema\/logo\/image\/\",\"url\":\"https:\/\/www.shalombait.org.ar\/wp-content\/uploads\/2018\/11\/Logo-header.png\",\"contentUrl\":\"https:\/\/www.shalombait.org.ar\/wp-content\/uploads\/2018\/11\/Logo-header.png\",\"width\":778,\"height\":143,\"caption\":\"Shalom Bait\"},\"image\":{\"@id\":\"https:\/\/www.shalombait.org.ar\/#\/schema\/logo\/image\/\"}},{\"@type\":\"Person\",\"@id\":\"https:\/\/www.shalombait.org.ar\/#\/schema\/person\/e785b3f08c7f406954488962e1ffae22\",\"name\":\"Shalom Bait\",\"image\":{\"@type\":\"ImageObject\",\"inLanguage\":\"en-US\",\"@id\":\"https:\/\/www.shalombait.org.ar\/#\/schema\/person\/image\/\",\"url\":\"https:\/\/secure.gravatar.com\/avatar\/cbdc80c48240172f3dabce38c0c8bf7b?s=96&d=mm&r=g\",\"contentUrl\":\"https:\/\/secure.gravatar.com\/avatar\/cbdc80c48240172f3dabce38c0c8bf7b?s=96&d=mm&r=g\",\"caption\":\"Shalom Bait\"}}]}<\/script>\n<!-- \/ Yoast SEO plugin. -->","yoast_head_json":{"title":"[:en] Copy Copy Copy Copy Copy Copy Copy Copy Copy Copy Copy Copy Copy[:es]Libertad y Violencia de G\u00e9nero[:] - Shalom Bait","robots":{"index":"index","follow":"follow","max-snippet":"max-snippet:-1","max-image-preview":"max-image-preview:large","max-video-preview":"max-video-preview:-1"},"canonical":"https:\/\/www.shalombait.org.ar\/madres-y-abuelas-mujeres-lucha-y-memoria-2\/","og_locale":"en_US","og_type":"article","og_title":"[:en] Copy Copy Copy Copy Copy Copy Copy Copy Copy Copy Copy Copy Copy[:es]Libertad y Violencia de G\u00e9nero[:]","og_url":"https:\/\/www.shalombait.org.ar\/madres-y-abuelas-mujeres-lucha-y-memoria-2\/","og_site_name":"Shalom Bait","article_published_time":"2019-02-12T20:38:05+00:00","article_modified_time":"2019-08-26T17:38:38+00:00","og_image":[{"width":1398,"height":977,"url":"https:\/\/www.shalombait.org.ar\/wp-content\/uploads\/2019\/08\/Imagenes-blog-56.jpg","type":"image\/jpeg"}],"author":"Shalom Bait","twitter_card":"summary_large_image","twitter_misc":{"Written by":"Shalom Bait"},"schema":{"@context":"https:\/\/schema.org","@graph":[{"@type":"Article","@id":"https:\/\/www.shalombait.org.ar\/madres-y-abuelas-mujeres-lucha-y-memoria-2\/#article","isPartOf":{"@id":"https:\/\/www.shalombait.org.ar\/madres-y-abuelas-mujeres-lucha-y-memoria-2\/"},"author":{"name":"Shalom Bait","@id":"https:\/\/www.shalombait.org.ar\/#\/schema\/person\/e785b3f08c7f406954488962e1ffae22"},"headline":"Copy Copy Copy Copy Copy Copy Copy Copy Copy Copy Copy Copy Copy","datePublished":"2019-02-12T20:38:05+00:00","dateModified":"2019-08-26T17:38:38+00:00","mainEntityOfPage":{"@id":"https:\/\/www.shalombait.org.ar\/madres-y-abuelas-mujeres-lucha-y-memoria-2\/"},"wordCount":21,"publisher":{"@id":"https:\/\/www.shalombait.org.ar\/#organization"},"articleSection":["Today","Blog"],"inLanguage":"en-US"},{"@type":"WebPage","@id":"https:\/\/www.shalombait.org.ar\/madres-y-abuelas-mujeres-lucha-y-memoria-2\/","url":"https:\/\/www.shalombait.org.ar\/madres-y-abuelas-mujeres-lucha-y-memoria-2\/","name":"[:en] Copy Copy Copy Copy Copy Copy Copy Copy Copy Copy Copy Copy Copy[:es]Libertad y Violencia de G\u00e9nero[:] - Shalom Bait","isPartOf":{"@id":"https:\/\/www.shalombait.org.ar\/#website"},"datePublished":"2019-02-12T20:38:05+00:00","dateModified":"2019-08-26T17:38:38+00:00","breadcrumb":{"@id":"https:\/\/www.shalombait.org.ar\/madres-y-abuelas-mujeres-lucha-y-memoria-2\/#breadcrumb"},"inLanguage":"en-US","potentialAction":[{"@type":"ReadAction","target":["https:\/\/www.shalombait.org.ar\/madres-y-abuelas-mujeres-lucha-y-memoria-2\/"]}]},{"@type":"BreadcrumbList","@id":"https:\/\/www.shalombait.org.ar\/madres-y-abuelas-mujeres-lucha-y-memoria-2\/#breadcrumb","itemListElement":[{"@type":"ListItem","position":1,"name":"Portada","item":"https:\/\/www.shalombait.org.ar\/"},{"@type":"ListItem","position":2,"name":"Libertad y Violencia de G\u00e9nero"}]},{"@type":"WebSite","@id":"https:\/\/www.shalombait.org.ar\/#website","url":"https:\/\/www.shalombait.org.ar\/","name":"Shalom Bait","description":"Defendemos el derecho a vivir en un hogar sin violencia","publisher":{"@id":"https:\/\/www.shalombait.org.ar\/#organization"},"potentialAction":[{"@type":"SearchAction","target":{"@type":"EntryPoint","urlTemplate":"https:\/\/www.shalombait.org.ar\/?s={search_term_string}"},"query-input":"required name=search_term_string"}],"inLanguage":"en-US"},{"@type":"Organization","@id":"https:\/\/www.shalombait.org.ar\/#organization","name":"Shalom Bait","url":"https:\/\/www.shalombait.org.ar\/","logo":{"@type":"ImageObject","inLanguage":"en-US","@id":"https:\/\/www.shalombait.org.ar\/#\/schema\/logo\/image\/","url":"https:\/\/www.shalombait.org.ar\/wp-content\/uploads\/2018\/11\/Logo-header.png","contentUrl":"https:\/\/www.shalombait.org.ar\/wp-content\/uploads\/2018\/11\/Logo-header.png","width":778,"height":143,"caption":"Shalom Bait"},"image":{"@id":"https:\/\/www.shalombait.org.ar\/#\/schema\/logo\/image\/"}},{"@type":"Person","@id":"https:\/\/www.shalombait.org.ar\/#\/schema\/person\/e785b3f08c7f406954488962e1ffae22","name":"Shalom Bait","image":{"@type":"ImageObject","inLanguage":"en-US","@id":"https:\/\/www.shalombait.org.ar\/#\/schema\/person\/image\/","url":"https:\/\/secure.gravatar.com\/avatar\/cbdc80c48240172f3dabce38c0c8bf7b?s=96&d=mm&r=g","contentUrl":"https:\/\/secure.gravatar.com\/avatar\/cbdc80c48240172f3dabce38c0c8bf7b?s=96&d=mm&r=g","caption":"Shalom Bait"}}]}},"grid":"{\r\n  \"colCount\": 30,\r\n  \"colGutter\": 0,\r\n  \"rowGutters\": [\r\n    5,\r\n    5\r\n  ],\r\n  \"frameMargin\": 0,\r\n  \"topFrameMargin\": 70,\r\n  \"bottomFrameMargin\": 5,\r\n  \"rowAttrs\": [\r\n    {},\r\n    {},\r\n    {}\r\n  ],\r\n  \"bgColor\": null,\r\n  \"cont\": [\r\n    {\r\n      \"type\": \"text\",\r\n      \"cont\": \"<h1 class=\\\"_Fecha\\\" style=\\\"text-align: center;\\\"><span style=\\\"color: #000000;\\\">23 de Mayo 2017<br \/><br \/><\/span><\/h1><h1 class=\\\"_Unite\\\" style=\\\"text-align: center;\\\"><span style=\\\"color: #75328b;\\\"><span style=\\\"font-weight: 400;\\\">Libertad y Violencia de G\u00e9nero<\/span><\/span><\/h1><p style=\\\"text-align: center;\\\"><span style=\\\"text-decoration: underline;\\\"><br \/>Actualidad<\/span><\/p>\",\r\n      \"align\": \"top\",\r\n      \"row\": 0,\r\n      \"col\": 6,\r\n      \"colspan\": 18,\r\n      \"offsetx\": 0,\r\n      \"offsety\": 0,\r\n      \"spaceabove\": 5,\r\n      \"spacebelow\": 0,\r\n      \"yvel\": 1,\r\n      \"push\": 6,\r\n      \"relid\": 287\r\n    },\r\n    {\r\n      \"type\": \"img\",\r\n      \"cont\": \"https:\/\/www.shalombait.org.ar\/wp-content\/uploads\/2019\/08\/Imagenes-blog-56.jpg\",\r\n      \"align\": \"middle\",\r\n      \"row\": 1,\r\n      \"col\": 8,\r\n      \"colspan\": 14,\r\n      \"offsetx\": 0,\r\n      \"offsety\": 0,\r\n      \"spaceabove\": 0,\r\n      \"spacebelow\": 0,\r\n      \"yvel\": 1,\r\n      \"push\": 8,\r\n      \"relid\": 411,\r\n      \"attid\": 410,\r\n      \"sizes\": {\r\n        \"full\": \"https:\/\/www.shalombait.org.ar\/wp-content\/uploads\/2019\/08\/Imagenes-blog-56.jpg\",\r\n        \"_1280\": \"https:\/\/www.shalombait.org.ar\/wp-content\/uploads\/2019\/08\/Imagenes-blog-56-1280x895.jpg\",\r\n        \"_1024\": \"https:\/\/www.shalombait.org.ar\/wp-content\/uploads\/2019\/08\/Imagenes-blog-56-1024x716.jpg\",\r\n        \"_768\": \"https:\/\/www.shalombait.org.ar\/wp-content\/uploads\/2019\/08\/Imagenes-blog-56-768x537.jpg\",\r\n        \"_512\": \"https:\/\/www.shalombait.org.ar\/wp-content\/uploads\/2019\/08\/Imagenes-blog-56-512x358.jpg\",\r\n        \"_265\": \"https:\/\/www.shalombait.org.ar\/wp-content\/uploads\/2019\/08\/Imagenes-blog-56-265x185.jpg\"\r\n      },\r\n      \"w\": 1398,\r\n      \"h\": 977,\r\n      \"ar\": 0.6988555078683834,\r\n      \"alt\": \"\"\r\n    },\r\n    {\r\n      \"type\": \"text\",\r\n      \"cont\": \"<p style=\\\"text-align: center;\\\"><span style=\\\"font-weight: 400; font-family: 'Untitled Sans Medium';\\\">Por Paula Iudica<\/span><\/p><p><span style=\\\"font-weight: 400;\\\"><em>\u201cY por el poder de una palabra empiezo de nuevo mi vida. He nacido para conocerte, para nombrarte: Libertad\u201d.\u00a0<\/em><br \/><\/span><span style=\\\"font-weight: 400;\\\">Paul Eluard<\/span><\/p><p><span style=\\\"font-weight: 400;\\\">La libertad (del lat\u00edn: libertas, -\u0101tis) se define como la capacidad de la conciencia para pensar y obrar seg\u00fan la propia voluntad de la persona.<\/span><\/p><p><span style=\\\"font-weight: 400;\\\">La esclavitud, la c\u00e1rcel, los campos de concentraci\u00f3n, son los ejemplos m\u00e1s extremos de la privaci\u00f3n de la libertad que ha vivido el ser humano. Pero existen otras prisiones que no tienen que ver con paredes, y esclavitudes actuales que no tienen que ver con cadenas. Cuando se ejerce cualquier tipo de violencia sobre otra persona, sea f\u00edsica, psicol\u00f3gica, emocional, sexual o econ\u00f3mica, se quebranta instant\u00e1neamente su libertad.<\/span><\/p><p><span style=\\\"font-weight: 400;\\\">En la pareja la violencia de g\u00e9nero se ejerce a trav\u00e9s del control, el aislamiento, la descalificaci\u00f3n, la desvalorizaci\u00f3n, la humillaci\u00f3n, las amenazas, los golpes, y tiene como objetivo el sometimiento. Donde hay sometimiento no hay libertad\u2026hay confusi\u00f3n, verg\u00fcenza, culpa, soledad y miedo.<\/span><\/p><p><span style=\\\"font-weight: 400;\\\">El miedo, ese miedo que domina la visi\u00f3n, que no deja ver el todo. El miedo que prende la alarma, que genera un estado de alerta constante. El miedo que paraliza, que inhibe,\u00a0 que obstaculiza. El miedo que se apodera del cuerpo y de la mente. Miedo de reaccionar, miedo de contar, de pedir ayuda, miedo de no poder salir. El miedo que aprisiona.<\/span><\/p><p><span style=\\\"font-weight: 400;\\\">\u00bfQu\u00e9 libertades pierden las mujeres que est\u00e1n en situaci\u00f3n de violencia? La libertad de tener el control sobre sus propias vidas. La libertad de pensamiento. La libertad de confiar en su propio criterio. La libertad de proyectar. La libertad de hacer lo que les gusta. La libertad de vivir sin dar explicaciones. La libertad de poder elegir, de tomar decisiones. De administrar el hogar, de salir con amigas y amigos, de vestirse como quieran, de escuchar m\u00fasica, bailar, de practicar un deporte,\u00a0 estudiar, trabajar.<\/span><\/p><p><span style=\\\"font-weight: 400;\\\">Para algunas personas vivir en libertad puede representar la cotidianeidad de sus\u00a0 vidas\u2026 para muchas otras, no.<\/span><\/p><p><span style=\\\"font-weight: 400;\\\">La naturalizaci\u00f3n de la violencia de g\u00e9nero favorece la invisibilizaci\u00f3n de sus consecuencias. Se vive en las relaciones de pareja, en v\u00ednculos familiares, en el trabajo, en las instituciones, en los medios de comunicaci\u00f3n, en la calle. No son hechos aislados. El sistema patriarcal los organiza, los combina y los perpet\u00faa a trav\u00e9s de\u00a0 prejuicios, estereotipos y mandatos.<\/span><\/p><p><span style=\\\"font-weight: 400;\\\">A nivel mundial, una de cada tres mujeres sufre alg\u00fan tipo de violencia basada en el g\u00e9nero.<\/span><\/p><p><span style=\\\"font-weight: 400;\\\">No es un problema individual, es un problema social. La soluci\u00f3n tambi\u00e9n lo es. Luchemos todas y todos por la igualdad. Conquistemos la libertad.<\/span><\/p>\",\r\n      \"align\": \"middle\",\r\n      \"row\": 2,\r\n      \"col\": 8,\r\n      \"colspan\": 14,\r\n      \"offsetx\": 0,\r\n      \"offsety\": 0,\r\n      \"spaceabove\": 0,\r\n      \"spacebelow\": 2.5,\r\n      \"yvel\": 1,\r\n      \"push\": 8,\r\n      \"relid\": 4,\r\n      \"frameOverflow\": \"\"\r\n    }\r\n  ]\r\n}","phonegrid":"","_links":{"self":[{"href":"https:\/\/www.shalombait.org.ar\/en\/wp-json\/wp\/v2\/posts\/437","targetHints":{"allow":["GET"]}}],"collection":[{"href":"https:\/\/www.shalombait.org.ar\/en\/wp-json\/wp\/v2\/posts"}],"about":[{"href":"https:\/\/www.shalombait.org.ar\/en\/wp-json\/wp\/v2\/types\/post"}],"author":[{"embeddable":true,"href":"https:\/\/www.shalombait.org.ar\/en\/wp-json\/wp\/v2\/users\/1"}],"replies":[{"embeddable":true,"href":"https:\/\/www.shalombait.org.ar\/en\/wp-json\/wp\/v2\/comments?post=437"}],"version-history":[{"count":0,"href":"https:\/\/www.shalombait.org.ar\/en\/wp-json\/wp\/v2\/posts\/437\/revisions"}],"wp:featuredmedia":[{"embeddable":true,"href":"https:\/\/www.shalombait.org.ar\/en\/wp-json\/wp\/v2\/media\/410"}],"wp:attachment":[{"href":"https:\/\/www.shalombait.org.ar\/en\/wp-json\/wp\/v2\/media?parent=437"}],"wp:term":[{"taxonomy":"category","embeddable":true,"href":"https:\/\/www.shalombait.org.ar\/en\/wp-json\/wp\/v2\/categories?post=437"},{"taxonomy":"post_tag","embeddable":true,"href":"https:\/\/www.shalombait.org.ar\/en\/wp-json\/wp\/v2\/tags?post=437"}],"curies":[{"name":"wp","href":"https:\/\/api.w.org\/{rel}","templated":true}]}}